{"id":29793,"date":"2026-04-21T16:14:10","date_gmt":"2026-04-21T14:14:10","guid":{"rendered":"https:\/\/www.combell.com\/nl\/blog\/?p=29793"},"modified":"2026-04-21T16:14:14","modified_gmt":"2026-04-21T14:14:14","slug":"klantenverhaal-optiek-lammerant","status":"publish","type":"post","link":"https:\/\/www.combell.com\/nl\/blog\/klantenverhaal-optiek-lammerant\/","title":{"rendered":"&#8220;No-brainer&#8221;: wat online succes betekent voor Optiek Lammerant"},"content":{"rendered":"<p><strong>Op zoek naar een stijlvolle bril of een hippe designer zonnebril?&nbsp;Bij <a href=\"https:\/\/www.optieklammerant.be\/\" target=\"_blank\" rel=\"noreferrer noopener\">Optiek Lammerant<\/a> in Deinze ontdek je meer dan veertig verschillende brillenmerken onder \u00e9\u00e9n dak. Maar anno 2026 is dat dak meer dan een fysieke, moderne optiek. Ook online staat deze Combell-klant stevig in zijn schoenen. <em>Let's talk!<\/em><\/strong><\/p>\n<div style=\"height:20px\" aria-hidden=\"true\" class=\"wp-block-spacer\"><\/div>\n<p>Met doelgerichte marketing zorgt het team ervoor dat zijn (zonne)brillen <strong>zowel in zoekmachines als <a href=\"https:\/\/www.instagram.com\/optieklammerant.be\/\" rel=\"noreferrer noopener\" target=\"_blank\">op sociale media<\/a><\/strong> in het oog springen.<\/p>\n<p>Alles begint natuurlijk met een stevig uitgebouwde website en webshop. Hiervoor rekent Optiek Lammerant al jarenlang op de services van Combell. Tijd dus dat eigenaar Lieven De Clercq ons meeneemt in zijn <strong>succesvolle ondernemersverhaal<\/strong>!<\/p>\n<div style=\"height:20px\" aria-hidden=\"true\" class=\"wp-block-spacer\"><\/div>\n<blockquote class=\"wp-block-quote is-layout-flow wp-block-quote-is-layout-flow\">\n<p>Onze optiek was ooit slachtoffer van website-attacks uit het buitenland. Nog voor ik het zelf had ontdekt, belde Combell mij al om te zeggen dat het opgelost was. Voor zo'n service betaal je!\"<\/p>\n<p><cite>Lieven De Clercq, zaakvoerder Optiek Lammerant<\/cite><\/p><\/blockquote>\n<div style=\"height:50px\" aria-hidden=\"true\" class=\"wp-block-spacer\"><\/div>\n<h2 class=\"wp-block-heading has-large-font-size\">Een van de eerste met eigen website<\/h2>\n<p>Als ondernemer heeft Lieven De Clercq steeds zijn<strong> blik op de toekomst<\/strong> gericht. Online gaan met zijn zaak was dus nooit een hindernis. Binnen de optieksector was hij een van de eerste opticiens met een eigen website.<\/p>\n<p>\"Waarom het belangrijk is om als bedrijf online aanwezig te zijn? <em>Tja<\/em>, waarom zou het niet belangrijk zijn? Het is een <strong>absolute <em>no-brainer<\/em><\/strong>\", valt Lieven met de deur in huis.<\/p>\n<p>\"Je moet inzetten op online, punt. Door AI gaat dit alleen nog maar belangrijker worden. Het is niet omdat je in Google op \u00e9\u00e9n staat, je ook automatisch de nummer \u00e9\u00e9n van ChatGPT bent. Zonder website heb je een probleem, dan zal je niet snel vindbaar zijn in ChatGPT.\"<\/p>\n<div style=\"height:50px\" aria-hidden=\"true\" class=\"wp-block-spacer\"><\/div>\n<div class=\"wp-block-image\">\n<figure class=\"aligncenter size-full\"><img loading=\"lazy\" decoding=\"async\" width=\"1400\" height=\"1000\" src=\"https:\/\/www.combell.com\/nl\/blog\/files\/lammerant-page.png\" alt=\"\" class=\"wp-image-29805\" srcset=\"https:\/\/www.combell.com\/nl\/blog\/files\/lammerant-page.png 1400w, https:\/\/www.combell.com\/nl\/blog\/files\/lammerant-page-300x214.png 300w, https:\/\/www.combell.com\/nl\/blog\/files\/lammerant-page-768x549.png 768w\" sizes=\"(max-width: 1400px) 100vw, 1400px\" \/><\/figure>\n<\/div>\n<div style=\"height:50px\" aria-hidden=\"true\" class=\"wp-block-spacer\"><\/div>\n<h2 class=\"wp-block-heading has-large-font-size\">Minder flyers, meer social media en e-mailmarketing<\/h2>\n<p>Lieven staat al <strong>ruim dertig jaar<\/strong> aan het roer van&nbsp;Optiek Lammerant. In die tijd heeft hij het ondernemerschap op vlak van reclame maken enorm zien veranderen.<\/p>\n<p>\"Helemaal in het begin was er minder business te doen via het internet, dat is nu een <strong>wereld van verschil<\/strong>\", benadrukt Lieven.<\/p>\n<p>\"Vroeger combineerden we promo via magazines en flyers, met onze website. Nu evolueert het andersom. Net daarom werkt een van onze medewerkers, Josfien, fulltime aan onze marketing.<\/p>\n<p>Ik heb haar specifiek aangeworven om de website bij te houden en mee te zijn op alle kanalen. Ondertussen werken hier al twee marketeers.\"<\/p>\n<div style=\"height:50px\" aria-hidden=\"true\" class=\"wp-block-spacer\"><\/div>\n<h2 class=\"wp-block-heading has-large-font-size\">\"Offline en online met elkaar verbonden\"<\/h2>\n<p>\"Klanten stappen de optiek binnen nadat ze een bepaald montuur op onze website of op Instagram gezien hebben. <strong>Online ontdekken klanten, ook nieuwe, ons aanbod veel sneller\"<\/strong>, vult Lieven verder aan.<\/p>\n<p>\"Offline en online zijn met elkaar verbonden. Ik zie sommige ondernemers een flyer uitbrengen om te tonen dat ze iets nieuws hebben.<\/p>\n<p>Allemaal goed en wel, maar als je dan naar hun website surft, is er niks over terug te vinden. Dan levert die flyer, maar ook de site, je niets op.\"<\/p>\n<div style=\"height:50px\" aria-hidden=\"true\" class=\"wp-block-spacer\"><\/div>\n<h2 class=\"wp-block-heading has-large-font-size\">\"Klanten over de landsgrenzen heen\"<\/h2>\n<p>Die investeringen in online succes werpen hun vruchten af. Lieven: \"Vroeger had je mond-aan-mond reclame nodig, nu doen online marketing en onze berichten op de socials hun werk.\"<\/p>\n<div style=\"height:20px\" aria-hidden=\"true\" class=\"wp-block-spacer\"><\/div>\n<blockquote class=\"wp-block-quote is-layout-flow wp-block-quote-is-layout-flow\">\n<p>Door online te investeren, kun je over de landsgrenzen heen ondernemen.<\/p>\n<p><cite>Lieven De Clercq, zaakvoerder Optiek Lammerant<\/cite><\/p><\/blockquote>\n<div style=\"height:50px\" aria-hidden=\"true\" class=\"wp-block-spacer\"><\/div>\n<p>Het klantenbestand van Optiek Lammerant kreeg hierdoor een <strong>enorme boost<\/strong>.<\/p>\n<p>\"We hebben nu<strong> klanten uit een bredere regio<\/strong>: Ieper, Oostkamp, Antwerpen, Overijse ... Zonder website of sociale media zouden die 'verre klanten' nooit tot bij ons komen\", legt Lieven uit.<\/p>\n<p>\"Hoewel onze webshop vooral als online etalage dient, hebben we ook een mooie rechtstreekse verkoop van zonnebrillen. Die gaat <strong>voor zeventig procent naar Nederland<\/strong>. Door online te investeren, kun je over de landsgrenzen heen ondernemen.\"<\/p>\n<div style=\"height:50px\" aria-hidden=\"true\" class=\"wp-block-spacer\"><\/div>\n<h2 class=\"wp-block-heading has-large-font-size\">Focus op geloofwaardigheid en zichtbaarheid<\/h2>\n<p>Lieven en zijn team zijn ervan overtuigd dat sociale media een grote rol spelen binnen online marketing. Ze werken volgens een <strong>uitgedachte contentplanning<\/strong>. De optiek wil vooral zichtbaarheid cre\u00ebren en geloofwaardigheid uitstralen.<\/p>\n<div style=\"height:20px\" aria-hidden=\"true\" class=\"wp-block-spacer\"><\/div>\n<div class=\"wp-block-uagb-inline-notice uagb-inline_notice__align-left uagb-block-5fdfac35 uagb-inline_notice__outer-wrap\">\n<p class=\"uagb-notice-title\">Lees ook<\/p>\n<div class=\"uagb-notice-text\">\n<p><a href=\"https:\/\/www.combell.com\/nl\/blog\/social-media-marketingstrategie\/\" target=\"_blank\" rel=\"noreferrer noopener\">Lees ook: hier blog over content planning maken<\/a><\/p>\n<\/div>\n<\/div>\n<div style=\"height:50px\" aria-hidden=\"true\" class=\"wp-block-spacer\"><\/div>\n<p>\"Het is pas als je alles in een plan giet, ook je sociale media, dat kanalen elkaar versterken\", vertelt Lieven.<\/p>\n<p>\"We willen minstens om de twee dagen iets posten\", benadrukt hij. <strong>\"Op Instagram moet je tonen wat je in huis hebt, wie je \u00e9cht bent.<\/strong><\/p>\n<p>Je zal mij, of onze mensen, regelmatig zelf in beeld zien verschijnen. We maken van die fotoshoots een leuke teambuilding. <em>(lacht)<\/em><\/p>\n<p>Door onszelf met onze brillen te tonen, willen we tegen klanten zeggen: wat wij dragen, kun jij ook dragen. Modellen staan natuurlijk met alles.\" <em>(lacht)<\/em><\/p>\n<div style=\"height:50px\" aria-hidden=\"true\" class=\"wp-block-spacer\"><\/div>\n<h2 class=\"wp-block-heading has-large-font-size\">\"Blog en nieuwsbrief zeer belangrijk\"<\/h2>\n<p>Net omdat online succes zo belangrijk is voor Optiek Lammerant, verschijnen er regelmatig blogberichten op hun <a href=\"https:\/\/www.optieklammerant.be\/blog\/\" rel=\"noreferrer noopener\" target=\"_blank\">website<\/a>. Die worden ook rondgestuurd in een nieuwsbrief.<\/p>\n<p>\"Onze blogs en nieuwsbrieven zijn heel belangrijk voor ons\", weet Lieven. \"<strong>Met die blogberichten werken we aan onze SEO, de juiste <em>keywords <\/em>moeten erin voorkomen.\"<\/strong><\/p>\n<p>Maar niet alleen zichtbaarheid speelt een rol. Lieven wil zijn klanten informeren, expertise delen en de persoonlijke aanpak van de optiek belichten.<\/p>\n<p>Lieven: \"<strong>Optiek Lammerant staat gekend voor service en advies<\/strong>. Via onze berichten willen we benadrukken dat wij luisteren naar onze klanten: waarvoor moet je bril dienen, wat vind je zelf mooi? Het is aan ons om de klant zo goed mogelijk te begeleiden.\"<\/p>\n<div style=\"height:50px\" aria-hidden=\"true\" class=\"wp-block-spacer\"><\/div>\n<div class=\"wp-block-image\">\n<figure class=\"aligncenter size-full\"><img loading=\"lazy\" decoding=\"async\" width=\"1400\" height=\"500\" src=\"https:\/\/www.combell.com\/nl\/blog\/files\/woocommerce-wordpress-3.jpg\" alt=\"\" class=\"wp-image-29812\" srcset=\"https:\/\/www.combell.com\/nl\/blog\/files\/woocommerce-wordpress-3.jpg 1400w, https:\/\/www.combell.com\/nl\/blog\/files\/woocommerce-wordpress-3-300x107.jpg 300w, https:\/\/www.combell.com\/nl\/blog\/files\/woocommerce-wordpress-3-768x274.jpg 768w\" sizes=\"(max-width: 1400px) 100vw, 1400px\" \/><\/figure>\n<\/div>\n<div style=\"height:50px\" aria-hidden=\"true\" class=\"wp-block-spacer\"><\/div>\n<h2 class=\"wp-block-heading has-large-font-size\">Eerst de site, dan de shop<\/h2>\n<p>Bij Optiek Lammerant is alles begonnen met een website, die later werd <a href=\"https:\/\/www.optieklammerant.be\/webshop\/\" target=\"_blank\" rel=\"noreferrer noopener\">uitgebouwd met een webshop<\/a>. Combell staat in voor de hosting van zowel de<strong> WordPress-website <\/strong>als <strong><a href=\"https:\/\/www.combell.com\/nl\/woocommerce-wordpress-webshop\" target=\"_blank\" rel=\"noreferrer noopener\">WooCommerce-webshop<\/a>.<\/strong><\/p>\n<div style=\"height:20px\" aria-hidden=\"true\" class=\"wp-block-spacer\"><\/div>\n<div class=\"wp-block-uagb-inline-notice uagb-inline_notice__align-left uagb-block-39c321b7 uagb-inline_notice__outer-wrap\">\n<p class=\"uagb-notice-title\">Lees ook<\/p>\n<div class=\"uagb-notice-text\">\n<p><a href=\"https:\/\/www.combell.com\/nl\/blog\/webshop-in-drukke-periodes\/\" target=\"_blank\" rel=\"noreferrer noopener\">Zo bereid je je webshop voor op piekverkeer in drukke periodes<\/a><\/p>\n<\/div>\n<\/div>\n<div style=\"height:50px\" aria-hidden=\"true\" class=\"wp-block-spacer\"><\/div>\n<p>\"In het verleden zijn hier al redelijk wat platformen de revue gepasseerd\", blikt Lieven terug.<\/p>\n<p>\"Ooit zijn we een keer volledig afhankelijk geweest van het systeem van onze toenmalige websitebouwer. Niets konden we zelf aanpassen, we moesten alles doormailen. <em>No way <\/em>dat ik zoiets nog eens wil meemaken.\"<\/p>\n<div style=\"height:20px\" aria-hidden=\"true\" class=\"wp-block-spacer\"><\/div>\n<blockquote class=\"wp-block-quote is-layout-flow wp-block-quote-is-layout-flow\">\n<p>Ik wil niet dat mijn data in Amerikaanse of Chinese handen komt. Ik vind het h\u00e9\u00e9l belangrijk dat dankzij Combell mijn data in Belgi\u00eb staat.<\/p>\n<p><cite>Lieven De Clercq, zaakvoerder Optiek Lammerant<\/cite><\/p><\/blockquote>\n<div style=\"height:50px\" aria-hidden=\"true\" class=\"wp-block-spacer\"><\/div>\n<h2 class=\"wp-block-heading has-large-font-size\">WordPress: controle over je eigen website<\/h2>\n<p>Omdat Lieven niet zelf wil beginnen coderen om iets online te krijgen, vond hij WordPress een ideale oplossing. \"WordPress is zeer effici\u00ebnt om zelf mee te werken\", pikt hij in.<\/p>\n<p>\"Alles moet <strong>eenvoudig aanpasbaar<\/strong> zijn. Nieuwe foto's, blogberichten, acties die we lanceren ... Dat moet vlot en direct online komen.<\/p>\n<p>Voor de moeilijke technische zaken werken we samen met een steengoede developer. Een aantal jaren heb ik alles zelf gedaan, maar dat was niet te doen. Mijn <em>work-life balance<\/em> was - hoe zeg je dat? - volledig uit balans.\" <em>(grinnikt)<\/em><\/p>\n<div style=\"height:50px\" aria-hidden=\"true\" class=\"wp-block-spacer\"><\/div>\n<div class=\"wp-block-image\">\n<figure class=\"aligncenter size-full\"><img loading=\"lazy\" decoding=\"async\" width=\"1400\" height=\"1000\" src=\"https:\/\/www.combell.com\/nl\/blog\/files\/server-europe-cloud@2x-3.png\" alt=\"\" class=\"wp-image-29813\" srcset=\"https:\/\/www.combell.com\/nl\/blog\/files\/server-europe-cloud@2x-3.png 1400w, https:\/\/www.combell.com\/nl\/blog\/files\/server-europe-cloud@2x-3-300x214.png 300w, https:\/\/www.combell.com\/nl\/blog\/files\/server-europe-cloud@2x-3-768x549.png 768w\" sizes=\"(max-width: 1400px) 100vw, 1400px\" \/><\/figure>\n<\/div>\n<div style=\"height:50px\" aria-hidden=\"true\" class=\"wp-block-spacer\"><\/div>\n<h2 class=\"wp-block-heading has-large-font-size\">Stabiele en betrouwbare hosting in Europa<\/h2>\n<p>Wie een website heeft, moet volgens Lieven De Clercq kunnen rekenen op <a href=\"https:\/\/www.combell.com\/nl\/hosting\" rel=\"noreferrer noopener\" target=\"_blank\">snelle, stabiele en betrouwbare hosting<\/a> in Europa. Hij legt uit:<\/p>\n<p>\"Door alle recente gebeurtenissen in het buitenland ben ik chauvinistischer geworden.<strong> Ik wil niet dat mijn data in Amerikaanse of Chinese handen komt<\/strong>. Ik vind het dus h\u00e9\u00e9l belangrijk dat dankzij Combell mijn data in Belgi\u00eb staat.<\/p>\n<p>Hosting in het buitenland is meestal goedkoper, maar je kunt er enkel terecht via een ticket en het duurt drie weken voordat je een antwoord krijgt.<\/p>\n<p>Terwijl als ik op dit eigenste moment naar Combell bel, ik meteen iemand aan de lijn zal krijgen. In het Nederlands - vind dat maar eens!<\/p>\n<p>We hebben ooit eens website-attacks uit het buitenland gehad. Nog voor ik het zelf had ontdekt, belde Combell mij al om te zeggen dat het opgelost was. <strong>Voor zo'n service betaal je<\/strong>!\"<\/p>\n<div style=\"height:20px\" aria-hidden=\"true\" class=\"wp-block-spacer\"><\/div>\n<blockquote class=\"wp-block-quote is-layout-flow wp-block-quote-is-layout-flow\">\n<p>Wil je dat je online data veilig gehost wordt, dan moet je bij Combell zijn.<\/p>\n<p><cite>Lieven De Clercq, zaakvoerder Optiek Lammerant<\/cite><\/p><\/blockquote>\n<div style=\"height:50px\" aria-hidden=\"true\" class=\"wp-block-spacer\"><\/div>\n<h2 class=\"wp-block-heading has-large-font-size\">\"Combell staat garant voor betrouwbaarheid\"<\/h2>\n<p>De samenwerking tussen Combell en Optiek Lammerant mag <strong>m\u00e9\u00e9r dan een geslaagd huwelijk <\/strong>genoemd worden. Lieven vertrouwt al sinds jaar en dag op de ondersteuning van Combell.<\/p>\n<p>\"Combell staat voor betrouwbaarheid\", benadrukt Lieven. \"Andere ondernemers weten dat maar al te goed. Ik zit in het bestuur van Unizo Deinze en iedereen kent de naam Combell. Wil je dat je online gegevens veilig gehost worden, dan moet je bij Combell zijn.\"<\/p>\n<p>Waaraan hecht Lieven als trouwe klant zoveel waarde? \"Aan jullie <strong>service, kwaliteit en advies<\/strong>\", vult hij aan. \"Wat wij als optieker aan onze klanten meegeven, biedt Combell op hun beurt aan zijn klanten.<\/p>\n<p>Als ondernemer ben je meestal een leek in hosting en IT. Je hebt dus een<strong> partner nodig die je honderd procent vertrouwt<\/strong>. <a href=\"https:\/\/www.combell.com\/nl\/support\" target=\"_blank\" rel=\"noreferrer noopener\">Combell Support is supergoed<\/a>. Ik vind het heel waardevol dat ik 24 op 7 gratis naar jullie kan bellen. Als het nodig is, kan het h\u00e9\u00e9l snel gaan.\"<\/p>\n<div style=\"height:50px\" aria-hidden=\"true\" class=\"wp-block-spacer\"><\/div>\n<h2 class=\"wp-block-heading has-large-font-size\">\"Tijd om op te optimaliseren\"<\/h2>\n<p>Als we Lieven vertellen dat Optiek Lammerant online zeer straf bezig is, wuift hij die complimenten weg. \"Het kan altijd beter\", vindt hij.<\/p>\n<p>\"We moeten nog meer gaan optimaliseren. <strong>Doelgroepen segmenteren<\/strong> waardoor we onze nieuwsbrieven gerichter sturen. Als je hier vandaag een zonnebril hebt gekocht, moet je morgen geen mail meer krijgen met onze nieuwe zonnebrillen.<\/p>\n<p>Op Instagram zijn Reels heel belangrijk geworden, maar <strong>videocontent zijn we nog verder aan het uitwerken<\/strong>. Op vlak van socials moeten we meer analyses uit onze statistieken halen: wanneer is ons bereik het grootst, op welke uren posten we beter niet?\", concludeert hij.<\/p>\n<div style=\"height:50px\" aria-hidden=\"true\" class=\"wp-block-spacer\"><\/div>\n<h2 class=\"wp-block-heading has-large-font-size\">Laat Combell deel uitmaken van jouw online succes<\/h2>\n<p>Of Lieven het nu wil geloven of niet, hij is sterk bezig met het uitbouwen van het online succesverhaal van Optiek Lammerant.<\/p>\n<p>Ben jij dat ook van plan? Of wil je je plannen verder aanscherpen? Of het nu gaat om <strong>stabiele en lokale hosting<\/strong>, <strong>betere e-mailmarketing<\/strong> of <strong>gebruiksvriendelijke social media tools <\/strong>...<\/p>\n<p>Ontdek het aanbod van Combell en maak werk van het online succes van jouw onderneming.<\/p>\n<div style=\"height:20px\" aria-hidden=\"true\" class=\"wp-block-spacer\"><\/div>\n<div class=\"wp-block-buttons is-vertical is-content-justification-center is-layout-flex wp-container-core-buttons-is-layout-1 wp-block-buttons-is-layout-flex\">\n<div class=\"wp-block-button is-style-fill\"><a class=\"wp-block-button__link has-white-color has-yellow-background-color has-text-color has-background wp-element-button\" href=\"https:\/\/on.combell.com\/nl\/contacteer-mij\" target=\"_blank\" rel=\"noopener\">Maak van Combell jouw vaste partner in online succes<\/a><\/div>\n<\/div>\n<div style=\"height:20px\" aria-hidden=\"true\" class=\"wp-block-spacer\"><\/div>\n","protected":false},"excerpt":{"rendered":"<p>Op zoek naar een stijlvolle bril of een hippe designer zonnebril?&nbsp;Bij Optiek Lammerant in Deinze ontdek je meer dan veertig verschillende brillenmerken onder \u00e9\u00e9n dak. Maar anno 2026 is dat...<\/p>\n","protected":false},"author":37,"featured_media":29807,"comment_status":"closed","ping_status":"open","sticky":false,"template":"","format":"standard","meta":{"_uag_custom_page_level_css":"","footnotes":""},"categories":[122],"tags":[],"acf":[],"uagb_featured_image_src":{"full":["https:\/\/www.combell.com\/nl\/blog\/files\/optiek-lammerant-nobrainer-header-small-nl.jpg",1200,420,false],"thumbnail":["https:\/\/www.combell.com\/nl\/blog\/files\/optiek-lammerant-nobrainer-header-small-nl-50x50.jpg",50,50,true],"medium":["https:\/\/www.combell.com\/nl\/blog\/files\/optiek-lammerant-nobrainer-header-small-nl-300x105.jpg",300,105,true],"medium_large":["https:\/\/www.combell.com\/nl\/blog\/files\/optiek-lammerant-nobrainer-header-small-nl-768x269.jpg",768,269,true],"large":["https:\/\/www.combell.com\/nl\/blog\/files\/optiek-lammerant-nobrainer-header-small-nl.jpg",1200,420,false],"1536x1536":["https:\/\/www.combell.com\/nl\/blog\/files\/optiek-lammerant-nobrainer-header-small-nl.jpg",1200,420,false],"2048x2048":["https:\/\/www.combell.com\/nl\/blog\/files\/optiek-lammerant-nobrainer-header-small-nl.jpg",1200,420,false],"post-featured":["https:\/\/www.combell.com\/nl\/blog\/files\/optiek-lammerant-nobrainer-header-small-nl-850x290.jpg",850,290,true],"post-featured-opt":["https:\/\/www.combell.com\/nl\/blog\/files\/optiek-lammerant-nobrainer-header-small-nl-750x256.jpg",750,256,true],"post-featured-opt-md":["https:\/\/www.combell.com\/nl\/blog\/files\/optiek-lammerant-nobrainer-header-small-nl-850x290.jpg",850,290,true],"post-featured-opt-sm":["https:\/\/www.combell.com\/nl\/blog\/files\/optiek-lammerant-nobrainer-header-small-nl-485x165.jpg",485,165,true],"post-featured-opt-xs":["https:\/\/www.combell.com\/nl\/blog\/files\/optiek-lammerant-nobrainer-header-small-nl-375x128.jpg",375,128,true],"post-most-popular":["https:\/\/www.combell.com\/nl\/blog\/files\/optiek-lammerant-nobrainer-header-small-nl-50x50.jpg",50,50,true],"post-author":["https:\/\/www.combell.com\/nl\/blog\/files\/optiek-lammerant-nobrainer-header-small-nl-60x60.jpg",60,60,true]},"uagb_author_info":{"display_name":"Jasper Van Biesen","author_link":"https:\/\/www.combell.com\/nl\/blog\/author\/jaspervanbiesen\/"},"uagb_comment_info":0,"uagb_excerpt":"Op zoek naar een stijlvolle bril of een hippe designer zonnebril?&nbsp;Bij Optiek Lammerant in Deinze ontdek je meer dan veertig verschillende brillenmerken onder \u00e9\u00e9n dak. Maar anno 2026 is dat...","_links":{"self":[{"href":"https:\/\/www.combell.com\/nl\/blog\/wp-json\/wp\/v2\/posts\/29793"}],"collection":[{"href":"https:\/\/www.combell.com\/nl\/blog\/wp-json\/wp\/v2\/posts"}],"about":[{"href":"https:\/\/www.combell.com\/nl\/blog\/wp-json\/wp\/v2\/types\/post"}],"author":[{"embeddable":true,"href":"https:\/\/www.combell.com\/nl\/blog\/wp-json\/wp\/v2\/users\/37"}],"replies":[{"embeddable":true,"href":"https:\/\/www.combell.com\/nl\/blog\/wp-json\/wp\/v2\/comments?post=29793"}],"version-history":[{"count":8,"href":"https:\/\/www.combell.com\/nl\/blog\/wp-json\/wp\/v2\/posts\/29793\/revisions"}],"predecessor-version":[{"id":29848,"href":"https:\/\/www.combell.com\/nl\/blog\/wp-json\/wp\/v2\/posts\/29793\/revisions\/29848"}],"wp:featuredmedia":[{"embeddable":true,"href":"https:\/\/www.combell.com\/nl\/blog\/wp-json\/wp\/v2\/media\/29807"}],"wp:attachment":[{"href":"https:\/\/www.combell.com\/nl\/blog\/wp-json\/wp\/v2\/media?parent=29793"}],"wp:term":[{"taxonomy":"category","embeddable":true,"href":"https:\/\/www.combell.com\/nl\/blog\/wp-json\/wp\/v2\/categories?post=29793"},{"taxonomy":"post_tag","embeddable":true,"href":"https:\/\/www.combell.com\/nl\/blog\/wp-json\/wp\/v2\/tags?post=29793"}],"curies":[{"name":"wp","href":"https:\/\/api.w.org\/{rel}","templated":true}]}}