{"id":7092,"date":"2019-02-12T15:15:33","date_gmt":"2019-02-12T14:15:33","guid":{"rendered":"https:\/\/www.combell.com\/fr\/blog\/?p=7092"},"modified":"2020-07-23T10:35:03","modified_gmt":"2020-07-23T08:35:03","slug":"attention-le-brexit-pourrait-vous-faire-perdre-votre-domaine-eu","status":"publish","type":"post","link":"https:\/\/www.combell.com\/fr\/blog\/attention-le-brexit-pourrait-vous-faire-perdre-votre-domaine-eu\/","title":{"rendered":"Attention\u00a0: le Brexit pourrait vous faire perdre votre domaine .eu\u00a0!"},"content":{"rendered":"<p>Les domaines .eu sont r\u00e9serv\u00e9s aux entreprises, aux organisations et aux particuliers \u00e9tablis dans l'UE. Avec le Brexit, les entreprises et les r\u00e9sidents britanniques perdent donc le droit d'utiliser leur domaine .eu. Et il est possible que ce droit leur soit refus\u00e9 d\u00e8s le 30 mars 2019. Que se passe-t-il\u00a0? Et quelles mesures pouvez-vous prendre\u00a0?<\/p>\n<h2>Disposition de la Commission europ\u00e9enne sur les domaines .eu<\/h2>\n<p>En mars 2018, la Commission europ\u00e9enne avait d\u00e9j\u00e0 statu\u00e9 sur les cons\u00e9quences que le Brexit pourrait avoir sur les d\u00e9tenteurs de domaines .eu. \u00ab\u00a0<em>\u00c0 compter de la date de la sortie du Royaume-Uni de l'UE, les entreprises et organisations \u00e9tablies au Royaume-Uni mais non dans l'UE et les personnes physiques r\u00e9sidant au Royaume-Uni ne seront plus autoris\u00e9es \u00e0 enregistrer des noms de domaines .eu ou, si elles sont titulaires d'un domaine .eu, \u00e0 renouveler l'enregistrement de leur(s) domaine(s) .eu ayant \u00e9t\u00e9 enregistr\u00e9(s) avant la date de ladite sortie.\u00a0\u00bb <\/em>(<a href=\"https:\/\/eurid.eu\/en\/register-a-eu-domain\/brexit-notice\/\" target=\"_blank\" rel=\"noopener noreferrer\">EURid\u00a0: Brexit Notice<\/a>)<\/p>\n<p>Cette mesure s'applique \u00e0 tous les titulaires (propri\u00e9taires) de domaines avec un identifiant national GB (Grande-Bretagne) ou GI (Gibraltar). Plus concr\u00e8tement, si vous \u00eates titulaire d'un nom de domaine .eu et que votre entreprise est \u00e9tablie au Royaume-Uni, vous ne serez plus autoris\u00e9 \u00e0 d\u00e9tenir ce nom de domaine apr\u00e8s le Brexit. M\u00eame si, en tant que citoyen de l'UE (n\u00e9erlandais, belge ou autre), vous r\u00e9sidez au Royaume-Uni, vous n'aurez plus le droit de conserver votre nom de domaine .eu.<\/p>\n<h2>Deux sc\u00e9narios pour le Brexit<\/h2>\n<p><img loading=\"lazy\" decoding=\"async\" class=\"alignright wp-image-7093\" title=\"Directions GB\" src=\"https:\/\/www.combell.com\/fr\/blog\/files\/Directions-GB.jpg\" alt=\"Directions GB\" width=\"150\" height=\"190\" srcset=\"https:\/\/www.combell.com\/fr\/blog\/files\/Directions-GB.jpg 788w, https:\/\/www.combell.com\/fr\/blog\/files\/Directions-GB-236x300.jpg 236w, https:\/\/www.combell.com\/fr\/blog\/files\/Directions-GB-768x975.jpg 768w\" sizes=\"(max-width: 150px) 100vw, 150px\" \/>Aucune d\u00e9cision d\u00e9finitive n'a encore \u00e9t\u00e9 prise sur les conditions de la sortie du Royaume-Uni de l'UE. De nombreuses questions restent donc en suspens. L'union douani\u00e8re existera-t-elle toujours ou non\u00a0? Qu'en sera-t-il des accords commerciaux\u00a0? Certains accords ont d\u00e9j\u00e0 \u00e9t\u00e9 conclus, mais ils ont \u00e9t\u00e9 rejet\u00e9s en Grande-Bretagne. Et entre-temps, de nouvelles propositions sont \u00e9mises chaque jour.<\/p>\n<p>Mais le temps presse. Par cons\u00e9quent, toutes les parties concern\u00e9es ont actuellement \u00e9labor\u00e9 deux sc\u00e9narios\u00a0: un Brexit avec des conditions de sortie clairement d\u00e9finies, ou un Brexit sans accord possible. EURid, le bureau d'enregistrement des noms de domaines .eu, a lui aussi imagin\u00e9 deux sc\u00e9narios, qui pourront \u00e9ventuellement \u00eatre adapt\u00e9s en fonction de l'issue des n\u00e9gociations. Mais il est important que vous preniez toutes vos pr\u00e9cautions et que vous exploriez les alternatives possibles d\u00e8s maintenant.<\/p>\n<blockquote><p>Vous poss\u00e9dez <a href=\"https:\/\/www.combell.com\/fr\/noms-de-domaine\/eu-enregistrement-nom-de-domaine\">un domaine .eu<\/a> et votre entreprise est \u00e9tablie au Royaume-Uni (ou vous y r\u00e9sidez)... Apr\u00e8s le Brexit, vous ne pourrez plus le garder \u2013 et cela pourrait d\u00e9j\u00e0 arriver en mars\u00a0! Lisez donc sans plus attendre la marche \u00e0 suivre.<\/p><\/blockquote>\n<h2>Sc\u00e9nario 1\u00a0: en cas de Brexit sans accord, vous perdrez votre domaine d\u00e8s 2019<\/h2>\n<p>Si le Royaume-Uni sort de l'UE le 30 mars 2019 sans avoir conclu un accord (\u00ab\u00a0no deal\u00a0\u00bb), les mesures suivantes s\u2019appliqueront aux domaines .eu d\u00e8s le <strong>30 mars 2019<\/strong>\u00a0:<\/p>\n<p>Les<strong> nouveaux enregistrements<\/strong> ne seront accept\u00e9s que si le titulaire est \u00e9tabli dans l'UE. Si vos coordonn\u00e9es contiennent l'identifiant national GB ou GI, vous ne pourrez plus enregistrer un nouveau domaine .eu.<\/p>\n<p>Les <strong>enregistrements existants<\/strong> dont le titulaire a inscrit l'identifiant national GB ou GI dans la base de donn\u00e9es WHOIS devront mettre \u00e0 jour leurs coordonn\u00e9es via une entit\u00e9 juridique \u00e9tablie dans un des \u00c9tats membres de l'UE<strong> au plus tard le 30 mai 2019<\/strong>. Concr\u00e8tement, cela signifie que si vous \u00eates dans ce cas, vous recevrez un e-mail annon\u00e7ant la mise en place de cette mesure. Vous pourrez alors soit mettre \u00e0 jour vos coordonn\u00e9es, soit c\u00e9der votre nom de domaine \u00e0 un titulaire \u00e9tabli dans l'UE. \u00c9tant donn\u00e9 que Combell ne facture pas de frais lors du transfert d'un nom de domaine, nous vous conseillons de choisir cette deuxi\u00e8me option.<\/p>\n<div class=\"bs-callout bs-callout-warning\">\n<p><strong>Attention :<\/strong> entre le 30 mars et le 30 mai 2019, il sera impossible de c\u00e9der le domaine \u00e0 un titulaire GB\/GI. Le renouvellement automatique de l'enregistrement sera lui aussi impossible.<\/p>\n<\/div>\n<p><strong>Apr\u00e8s le 30 mai 2019<\/strong>, les domaines .eu dont les titulaires sont toujours enregistr\u00e9s avec une adresse .GB ou .GI se verront attribuer le statut WITHDRAWN. Cela signifie que votre nom de domaine sera supprim\u00e9 de la zone. Dans ce cas, aucun service actif (site web, e-mail...) ne pourra fonctionner sur le domaine \u2013<strong> vous ne pourrez donc plus envoyer des messages avec le domaine, ni faire en sorte que le domaine redirige les internautes vers votre site web<\/strong>. L'enregistrement restera n\u00e9anmoins dans la base de donn\u00e9es du registre de noms de domaines .eu, de sorte que vous puissiez r\u00e9activer votre domaine d\u00e8s que les crit\u00e8res auront \u00e9t\u00e9 satisfaits.<\/p>\n<p><strong>Apr\u00e8s le 30 mars 2020<\/strong> (c'est-\u00e0-dire 12 mois apr\u00e8s la sortie du Royaume-Uni de l'UE), tous les domaines .eu non conformes se verront attribuer le statut REVOKED. Cela signifie que votre domaine pourra \u00e0 nouveau \u00eatre enregistr\u00e9 librement (statut AVAILABLE), selon le \u00ab\u00a0principe du premier arriv\u00e9, premier servi\u00a0\u00bb.<strong> Si votre entreprise a b\u00e2ti sa r\u00e9putation avec son domaine web .eu, ce ne sera pas une mince affaire, puisque vous devrez vous forger une nouvelle r\u00e9putation\u2026 \u00e0 partir de z\u00e9ro\u00a0!<\/strong><\/p>\n<h2>Sc\u00e9nario 2\u00a0: un Brexit avec p\u00e9riode de transition planifi\u00e9e<\/h2>\n<p>Si les n\u00e9gociateurs parviennent \u00e0 conclure un accord sur les conditions du Brexit, le Royaume-Uni quittera l'UE le 31 d\u00e9cembre 2020 (ou plus tard, si les n\u00e9gociateurs y consentent).<\/p>\n<p>Dans ce cas, c'est le calendrier suivant qui sera d'application\u00a0:<\/p>\n<p>Les<strong> nouveaux enregistrements<\/strong> effectu\u00e9s par un titulaire avec un identifiant national GB ou GI ne seront plus autoris\u00e9s \u00e0 partir du<strong> 21 janvier 2021<\/strong>.<\/p>\n<p>Les<strong> enregistrements existants<\/strong> dont le titulaire a inscrit l'identifiant national GB ou GI dans la base de donn\u00e9es WHOIS devront mettre \u00e0 jour leurs coordonn\u00e9es via une entit\u00e9 juridique \u00e9tablie dans un des \u00c9tats membres de l'UE<strong> au plus tard le 2 mars 2021<\/strong>. Les titulaires de noms de domaines concern\u00e9s recevront un e-mail \u00e0 cet effet.<\/p>\n<p>Les domaines .eu dont le titulaire est toujours enregistr\u00e9 avec une adresse .GB ou .GI se verront attribuer le statut WITHDRAWN \u00e0 partir du <strong>2 mars 2021<\/strong> (voir ci-dessus). S'ils ne sont toujours pas en r\u00e8gle au <strong>1<sup>er<\/sup> janvier 2022<\/strong>, ils se verront attribuer le statut REVOKED.<\/p>\n<h2>Le Brexit des noms de domaines .eu en bref<\/h2>\n<p>\n<table id=\"tablepress-Brexittabel_FR\" class=\"tablepress tablepress-id-Brexittabel_FR\">\n<thead>\n<tr class=\"row-1 odd\">\n\t<th class=\"column-1\"><\/th><th class=\"column-2\"><strong>Sc\u00e9nario 1 : Brexit sans accord<\/strong><\/th><th class=\"column-3\"><strong>Sc\u00e9nario 2 : Brexit avec accord<\/strong><\/th>\n<\/tr>\n<\/thead>\n<tbody class=\"row-hover\">\n<tr class=\"row-2 even\">\n\t<td class=\"column-1\"><strong>Sortie du Royaume-Uni<\/strong><\/td><td class=\"column-2\">30 March 2019<\/td><td class=\"column-3\">31 December 2021<\/td>\n<\/tr>\n<tr class=\"row-3 odd\">\n\t<td class=\"column-1\"><strong>Nouveaux enregistrements :<\/strong> <\/td><td class=\"column-2\"><\/td><td class=\"column-3\"><\/td>\n<\/tr>\n<tr class=\"row-4 even\">\n\t<td class=\"column-1\">les entreprises et particuliers poss\u00e9dant un identifiant national GB ou GI ne seront plus autoris\u00e9s \u00e0 enregistrer un nouveau domaine .eu.<\/td><td class=\"column-2\">\u00c0 partir du 30\/3\/2019<\/td><td class=\"column-3\">\u00c0 partir du 21\/1\/2021<\/td>\n<\/tr>\n<tr class=\"row-5 odd\">\n\t<td class=\"column-1\"><strong>Enregistrements existants :<\/strong> <\/td><td class=\"column-2\"><\/td><td class=\"column-3\"><\/td>\n<\/tr>\n<tr class=\"row-6 even\">\n\t<td class=\"column-1\">les entreprises et particuliers poss\u00e9dant un identifiant national GB ou GI qui sont titulaires d'un domaine.eu ne peuvent plus poss\u00e9der leur domaine et l'enregistrement de ce dernier ne pourra plus \u00eatre renouvel\u00e9.<\/td><td class=\"column-2\">\u00c0 partir du 30\/3\/2019<\/td><td class=\"column-3\">\u00c0 partir du 21\/1\/2021<\/td>\n<\/tr>\n<tr class=\"row-7 odd\">\n\t<td class=\"column-1\"><strong>P\u00e9riode de transition :<\/strong><\/td><td class=\"column-2\"><\/td><td class=\"column-3\"><\/td>\n<\/tr>\n<tr class=\"row-8 even\">\n\t<td class=\"column-1\">Les domaines de l'UE toujours d\u00e9tenus par des entreprises ou des citoyens poss\u00e9dant un identifiant national GB ou GI se verront attribuer le statut WITHDRAWN.<\/td><td class=\"column-2\">\u00c0 partir du 30\/5\/2019<\/td><td class=\"column-3\">\u00c0 partir du 2\/3\/2021<\/td>\n<\/tr>\n<tr class=\"row-9 odd\">\n\t<td class=\"column-1\"><strong>D\u00e9lai expir\u00e9 :<\/strong><\/td><td class=\"column-2\"><\/td><td class=\"column-3\"><\/td>\n<\/tr>\n<tr class=\"row-10 even\">\n\t<td class=\"column-1\">Les domaines de l'UE toujours d\u00e9tenus par des entreprises ou des citoyens poss\u00e9dant un identifiant national GB ou GI se verront attribuer le statut REVOKED, qui deviendra ensuite AVAILABLE.<\/td><td class=\"column-2\">\u00c0 partir du 30\/3\/2020<\/td><td class=\"column-3\">\u00c0 partir du 21\/1\/2022<\/td>\n<\/tr>\n<\/tbody>\n<\/table>\n<!-- #tablepress-Brexittabel_FR from cache --><\/p>\n<h2>Pr\u00e9parez-vous au pire des sc\u00e9narios<\/h2>\n<p>Ne vous laissez pas prendre au d\u00e9pourvu\u00a0! Mars arrivera plus vite que vous ne le pensez. Nous vous invitons donc \u00e0 prendre toutes ces pr\u00e9cautions d\u00e8s maintenant\u00a0:<\/p>\n<ol>\n<li><strong>Cherchez une entit\u00e9 \u00e9tablie ou r\u00e9sidant dans l'UE<\/strong> \u2013 un citoyen qui y r\u00e9side ou une entreprise qui y est \u00e9tablie. Il peut s'agir d'une filiale de votre propre entreprise, de votre bureau de comptabilit\u00e9 (ou une de ses filiales), de votre agence web (ou une de ses filiales) ou toute autre organisation capable de vous aider en toute confiance.<\/li>\n<li><strong>\u00c9tablissez clairement (de pr\u00e9f\u00e9rence par \u00e9crit) les accords avec cette entit\u00e9<\/strong> portant sur la propri\u00e9t\u00e9 du nom de domaine et d\u00e9signez cette entit\u00e9 comme votre repr\u00e9sentant pour votre nom de domaine.<\/li>\n<\/ol>\n<p>Si la date du Brexit est confirm\u00e9e comme ci-dessus et si vous avez re\u00e7u le mailing de Combell et\/ou d'EURid, vous pouvez prendre les mesures qui s'imposent. Vous avez les possibilit\u00e9s suivantes\u00a0:<\/p>\n<ul>\n<li><strong><img loading=\"lazy\" decoding=\"async\" class=\"alignright wp-image-7095\" title=\"Brexit to do\" src=\"https:\/\/www.combell.com\/fr\/blog\/files\/Startschot.jpg\" alt=\"Brexit to do\" width=\"150\" height=\"200\" srcset=\"https:\/\/www.combell.com\/fr\/blog\/files\/Startschot.jpg 749w, https:\/\/www.combell.com\/fr\/blog\/files\/Startschot-225x300.jpg 225w\" sizes=\"(max-width: 150px) 100vw, 150px\" \/>Modifiez les informations WHOIS<\/strong> pour que l'adresse du titulaire ne comporte plus un identifiant national GB ou GI. Vous pouvez faire cela vous-m\u00eame en toute simplicit\u00e9, dans my.combell.com. Rendez-vous dans Mes produits &gt; Noms de domaines, s\u00e9lectionnez le domaine .eu souhait\u00e9 et cliquez sur G\u00e9rer. Rendez-vous ensuite dans Titulaire &gt; Modifier les informations. Apportez les modifications n\u00e9cessaires et cliquez sur Modifier les informations pour confirmer. Cette proc\u00e9dure est gratuite.<\/li>\n<li><strong>C\u00e9dez votre domaine \u00e0 un citoyen r\u00e9sidant dans l'UE ou \u00e0 une entreprise \u00e9tablie dans l'UE<\/strong>. Pour ce faire, suivez les instructions fournies dans notre guide intitul\u00e9 \u00ab\u00a0<a href=\"https:\/\/support.combell.com\/fr\/comment-transferer-mon-nom-de-domaine\/833\" target=\"_blank\" rel=\"noopener noreferrer\">Comment transf\u00e9rer mon nom de domaine\u00a0?<\/a>\u00bb. Chez Combell, le transfert d'un nom de domaine est gratuit.<\/li>\n<\/ul>\n<p>Ne serait-ce pas un peu comme de la fraude\u00a0? Pas si vous avez conclu un accord clair avec l'entit\u00e9 qui vous repr\u00e9sentera\u00a0! M\u00eame \u00e0 l'heure actuelle, il arrive souvent qu'un d\u00e9veloppeur web demande un nom de domaine au nom du client pour lequel il cr\u00e9e un site web. Et c'est parfaitement l\u00e9gal\u00a0!<\/p>\n<p>Votre nom de domaine .eu n'est pas enregistr\u00e9 chez Combell\u00a0? Dans ce cas, contactez le bureau d'enregistrement (l'entreprise aupr\u00e8s de laquelle vous avez enregistr\u00e9 le nom de domaine) et demandez-lui de vous indiquer la marche \u00e0 suivre. Peut-\u00eatre est-ce le bon moment de transf\u00e9rer votre nom de domaine chez Combell\u00a0?<\/p>\n<p>Sur le site d\u2019EURid, vous pouvez suivre toutes les <a href=\"https:\/\/eurid.eu\/en\/register-a-eu-domain\/brexit-notice\/\" target=\"_blank\" rel=\"noopener noreferrer\">actualit\u00e9s concernant les domaines .EU et le Brexit<\/a>.<\/p>\n<p style=\"text-align: center;\"><a class=\"cta_button\" href=\"https:\/\/www.combell.com\/fr\/noms-de-domaine\/eu-enregistrement-nom-de-domaine\" target=\"_blank\" rel=\"noopener noreferrer\">Noms de domaine .eu chez Combell<\/a><\/p>\n","protected":false},"excerpt":{"rendered":"<p>Les domaines .eu sont r\u00e9serv\u00e9s aux entreprises, aux organisations et aux particuliers \u00e9tablis dans l'UE. Avec le Brexit, les entreprises et les r\u00e9sidents britanniques perdent donc le droit d'utiliser leur...<\/p>\n","protected":false},"author":1,"featured_media":7096,"comment_status":"open","ping_status":"open","sticky":false,"template":"","format":"standard","meta":{"_uag_custom_page_level_css":"","footnotes":""},"categories":[67,72,7],"tags":[1001,1036,1037],"acf":[],"uagb_featured_image_src":{"full":["https:\/\/www.combell.com\/fr\/blog\/files\/Brexit.jpg",850,290,false],"thumbnail":["https:\/\/www.combell.com\/fr\/blog\/files\/Brexit-50x50.jpg",50,50,true],"medium":["https:\/\/www.combell.com\/fr\/blog\/files\/Brexit-300x102.jpg",300,102,true],"medium_large":["https:\/\/www.combell.com\/fr\/blog\/files\/Brexit-768x262.jpg",768,262,true],"large":["https:\/\/www.combell.com\/fr\/blog\/files\/Brexit.jpg",850,290,false],"1536x1536":["https:\/\/www.combell.com\/fr\/blog\/files\/Brexit.jpg",850,290,false],"2048x2048":["https:\/\/www.combell.com\/fr\/blog\/files\/Brexit.jpg",850,290,false],"post-featured":["https:\/\/www.combell.com\/fr\/blog\/files\/Brexit.jpg",850,290,false],"post-featured-opt":["https:\/\/www.combell.com\/fr\/blog\/files\/Brexit-750x256.jpg",750,256,true],"post-featured-opt-md":["https:\/\/www.combell.com\/fr\/blog\/files\/Brexit.jpg",850,290,false],"post-featured-opt-sm":["https:\/\/www.combell.com\/fr\/blog\/files\/Brexit-485x165.jpg",485,165,true],"post-featured-opt-xs":["https:\/\/www.combell.com\/fr\/blog\/files\/Brexit-375x128.jpg",375,128,true],"post-most-popular":["https:\/\/www.combell.com\/fr\/blog\/files\/Brexit-50x50.jpg",50,50,true],"post-author":["https:\/\/www.combell.com\/fr\/blog\/files\/Brexit-60x60.jpg",60,60,true]},"uagb_author_info":{"display_name":"Combell","author_link":"https:\/\/www.combell.com\/fr\/blog\/author\/blogadmin\/"},"uagb_comment_info":0,"uagb_excerpt":"Les domaines .eu sont r\u00e9serv\u00e9s aux entreprises, aux organisations et aux particuliers \u00e9tablis dans l'UE. Avec le Brexit, les entreprises et les r\u00e9sidents britanniques perdent donc le droit d'utiliser leur...","_links":{"self":[{"href":"https:\/\/www.combell.com\/fr\/blog\/wp-json\/wp\/v2\/posts\/7092"}],"collection":[{"href":"https:\/\/www.combell.com\/fr\/blog\/wp-json\/wp\/v2\/posts"}],"about":[{"href":"https:\/\/www.combell.com\/fr\/blog\/wp-json\/wp\/v2\/types\/post"}],"author":[{"embeddable":true,"href":"https:\/\/www.combell.com\/fr\/blog\/wp-json\/wp\/v2\/users\/1"}],"replies":[{"embeddable":true,"href":"https:\/\/www.combell.com\/fr\/blog\/wp-json\/wp\/v2\/comments?post=7092"}],"version-history":[{"count":5,"href":"https:\/\/www.combell.com\/fr\/blog\/wp-json\/wp\/v2\/posts\/7092\/revisions"}],"predecessor-version":[{"id":7320,"href":"https:\/\/www.combell.com\/fr\/blog\/wp-json\/wp\/v2\/posts\/7092\/revisions\/7320"}],"wp:featuredmedia":[{"embeddable":true,"href":"https:\/\/www.combell.com\/fr\/blog\/wp-json\/wp\/v2\/media\/7096"}],"wp:attachment":[{"href":"https:\/\/www.combell.com\/fr\/blog\/wp-json\/wp\/v2\/media?parent=7092"}],"wp:term":[{"taxonomy":"category","embeddable":true,"href":"https:\/\/www.combell.com\/fr\/blog\/wp-json\/wp\/v2\/categories?post=7092"},{"taxonomy":"post_tag","embeddable":true,"href":"https:\/\/www.combell.com\/fr\/blog\/wp-json\/wp\/v2\/tags?post=7092"}],"curies":[{"name":"wp","href":"https:\/\/api.w.org\/{rel}","templated":true}]}}