{"id":7035,"date":"2018-10-08T13:06:51","date_gmt":"2018-10-08T11:06:51","guid":{"rendered":"https:\/\/www.combell.com\/fr\/blog\/?p=7035"},"modified":"2025-12-24T10:39:39","modified_gmt":"2025-12-24T09:39:39","slug":"journee-du-webshop-chaque-annee-3-jours-fastes-pour-le-commerce-electronique","status":"publish","type":"post","link":"https:\/\/www.combell.com\/fr\/blog\/journee-du-webshop-chaque-annee-3-jours-fastes-pour-le-commerce-electronique\/","title":{"rendered":"Journ\u00e9e du Webshop\u00a0: chaque ann\u00e9e, 3 jours fastes pour le commerce \u00e9lectronique"},"content":{"rendered":"<p>Laissez-nous vous pr\u00e9senter l'\u00e9v\u00e9nement en ligne appel\u00e9 \u00ab\u00a0Journ\u00e9e du Webshop\u00a0\u00bb, une initiative qui se d\u00e9roule \u00e0 pr\u00e9sent sur 3 jours, et dont l'objectif est de mettre les boutiques en ligne belges \u00e0 l'honneur. Jeroen De Clerck, responsable de l'\u00e9v\u00e9nement, explique pourquoi la flexibilit\u00e9 de l'h\u00e9bergement de Combell est si importante pour lui.<\/p>\n<h2><strong>Journ\u00e9e du Webshop\u00a0: le commerce \u00e9lectronique sous les projecteurs<\/strong><\/h2>\n<p><img loading=\"lazy\" decoding=\"async\" class=\"alignright wp-image-15567\" title=\"Dag van de webshop\" src=\"https:\/\/www.combell.com\/nl\/blog\/files\/2185129.jpg\" alt=\"Dag van de webshop\" width=\"150\" height=\"112\" \/>En 2010, Jeroen De Clerck, directeur de l'agence de marketing num\u00e9rique <a href=\"http:\/\/generationshop.be\" target=\"_blank\" rel=\"noopener noreferrer\">Generation Shop<\/a>, a eu l'id\u00e9e de promouvoir les boutiques en ligne. Sa soci\u00e9t\u00e9 \u00e9tait en effet sp\u00e9cialis\u00e9e dans le commerce \u00e9lectronique, et plus pr\u00e9cis\u00e9ment dans le d\u00e9veloppement et la commercialisation de boutiques en ligne. Avec \u00ab <a href=\"https:\/\/www.journeeduwebshop.be\/\" target=\"_blank\" rel=\"noopener noreferrer\">Journ\u00e9e du Webshop<\/a>\u00a0\u00bb, il a donc voulu organiser un \u00e9v\u00e9nement annuel o\u00f9 les boutiques en ligne pourraient proposer des promotions sp\u00e9ciales \u00e0 leurs visiteurs.<\/p>\n<p>L'\u00e9v\u00e9nement a lieu \u00e0 chaque automne. Toutes les boutiques en ligne qui livrent en Belgique, qu'elles soient de type B2C ou B2B, ont le droit d\u2019y participer. Il est bien s\u00fbr pr\u00e9f\u00e9rable qu'elles aient un nom de domaine .be, mais celles qui ont un nom de domaine .com avec une filiale en Belgique sont \u00e9galement les bienvenues. Les boutiques en ligne participantes doivent \u00e9galement \u00e9laborer une offre sp\u00e9ciale qui n'est valable que durant l'\u00e9v\u00e9nement. Il peut s'agir d'une r\u00e9duction sur certains articles, d'un bon distribu\u00e9 \u00e0 l'avance et valable uniquement lors de l'\u00e9v\u00e9nement, d'un cadeau offert lors d'un achat, ou encore de formules de type \u00ab\u00a01+1 gratuit\u00a0\u00bb.<\/p>\n<p>L'initiative a rencontr\u00e9 un tel succ\u00e8s que l'\u00e9v\u00e9nement, qui se d\u00e9roulait sur une seule journ\u00e9e en 2014, <a href=\"https:\/\/www.combell.com\/fr\/blog\/journee-du-webshop-xl-trois-fois-plus-de-plaisir-en-2014\/\" target=\"_blank\" rel=\"noopener noreferrer\">est aujourd'hui devenu un \u00e9v\u00e9nement de trois jours<\/a>. Plus de 130 boutiques en ligne ont particip\u00e9 \u00e0 l'\u00e9dition de 2017. Journ\u00e9e du Webshop fournit la plateforme sur laquelle les boutiques en ligne peuvent poster leurs promotions, et d\u00e9veloppe des campagnes par le biais de diff\u00e9rents canaux, dont la radio et la presse \u00e9crite, pour annoncer l'\u00e9v\u00e9nement.<\/p>\n<p>Avez-vous une boutique en ligne et \u00eates-vous int\u00e9ress\u00e9 par cette initiative. Dans ce cas, d\u00e9couvrez les <a href=\"https:\/\/www.journeeduwebshop.be\/hoe-deelnemen\/\" target=\"_blank\" rel=\"noopener noreferrer\">conditions de participation<\/a>, et <a href=\"https:\/\/www.journeeduwebshop.be\/user\/register?type=business\" target=\"_blank\" rel=\"noopener noreferrer\">inscrivez-vous ici<\/a>. Nous vous conseillons de cr\u00e9er une page d'atterrissage sp\u00e9ciale pour l'\u00e9v\u00e9nement, sur laquelle vous d\u00e9taillez votre offre. Sur le site de Journ\u00e9e du Webshop, nous pourrons ainsi directement rediriger les visiteurs int\u00e9ress\u00e9s sur cette page sp\u00e9cifique.<\/p>\n<p>Dans le pass\u00e9, <a href=\"https:\/\/www.combell.com\/fr\/blog\/la-journee-du-webshop-2015-xl-approche\/\" target=\"_blank\" rel=\"noopener noreferrer\">des boutiques en ligne de toutes sortes de secteurs ont particip\u00e9 \u00e0<\/a> l\u2019\u00e9v\u00e9nement \u2013 des secteurs tels que les jouets, le pr\u00eat-\u00e0-porter, la nourriture ou les boissons. Leur promotion sera rendue publique peu avant l'\u00e9v\u00e9nement. Souhaitez-vous, vous aussi, profiter des offres sp\u00e9ciales\u00a0? <a href=\"https:\/\/www.journeeduwebshop.be\/newsletter\" target=\"_blank\" rel=\"noopener noreferrer\">Dans ce cas, inscrivez-vous pour recevoir la lettre d\u2019information<\/a> et ainsi \u00eatre parmi les premiers \u00e0 d\u00e9couvrir ces offres, ou suivez les comptes <a href=\"https:\/\/www.facebook.com\/Journeeduwebshop\/\" target=\"_blank\" rel=\"noopener noreferrer\">Facebook<\/a>\u00a0et\u00a0<a href=\"https:\/\/twitter.com\/jourduwebshop\" target=\"_blank\" rel=\"noopener\">Twitter<\/a>\u00a0de l\u2019\u00e9v\u00e9nement.<\/p>\n<p><img loading=\"lazy\" decoding=\"async\" class=\"aligncenter wp-image-15569 size-full\" title=\"Social media Dag van de webshop 2018\" src=\"https:\/\/www.combell.com\/nl\/blog\/files\/dagvandewebshop-banner4.jpg\" alt=\"Social media Dag van de webshop 2018\" width=\"600\" height=\"330\" \/><\/p>\n<h2><strong>Trois jours de trafic intense<\/strong><\/h2>\n<p>Il s'agit d'un v\u00e9ritable \u00e9v\u00e9nement limit\u00e9 dans le temps, pour lequel l'activit\u00e9 et le trafic sont concentr\u00e9s sur ces trois jours et la p\u00e9riode de pr\u00e9paration qui pr\u00e9c\u00e8de l'\u00e9v\u00e9nement. Septembre marque le d\u00e9but de la campagne d'information de la presse et de recrutement des boutiques en ligne. Le trafic commence \u00e0 augmenter d\u00e8s le lancement des campagnes destin\u00e9es aux clients finaux, car ces derniers veulent d\u00e9couvrir l'offre des boutiques en ligne. Pour ensuite atteindre de v\u00e9ritables pics de trafic pendant les trois jours m\u00eames.<\/p>\n<p>Le reste de l'ann\u00e9e, par contre, le site accueille peu de visiteurs. Et pour ce genre de situation, <strong>l'h\u00e9bergement flexible de Combell est id\u00e9al\u00a0<\/strong>! Jeroen De Clerck\u00a0: \u00ab\u00a0Combell veille \u00e0 ce que tout fonctionne parfaitement durant ces trois jours, de mani\u00e8re \u00e0 ce qu'il n'y ait aucun probl\u00e8me. Mais ce succ\u00e8s est difficile \u00e0 pr\u00e9dire. C'est pourquoi il est n\u00e9cessaire que notre h\u00e9bergement puisse faire face \u00e0 ces pics soudains. Et c'est donc le cloud qui est la meilleure solution, car il offre une extensibilit\u00e9 maximale, qui permet d'augmenter ou r\u00e9duire les ressources en fonction des besoins changeants du projet. Pendant un mois, nous utilisons donc un serveur cloud qui supporte un trafic intense gr\u00e2ce \u00e0 une quantit\u00e9 cons\u00e9quente de ressources, et pendant les 11 autres mois, nous utilisons un serveur cloud dont les ressources minimales suffisent \u00e0 faire face \u00e0 un faible trafic.\u00a0\u00bb<strong>\u00a0<\/strong><\/p>\n<h2><strong>Un h\u00e9bergement Drupal pour garantir l\u2019extensibilit\u00e9<\/strong><\/h2>\n<p>Le site web m\u00eame a \u00e9t\u00e9 d\u00e9velopp\u00e9 par l\u2019agence Dropsolid, \u00e0 l\u2019aide de Drupal 8.\u00a0\u00ab\u00a0Drupal est modulaire, parce qu'il est important pour nous que la plateforme soit flexible, qu'elle r\u00e9ponde \u00e0 certaines fonctionnalit\u00e9s et \u00e0 certains besoins, mais surtout qu'elle nous permette de poursuivre son d\u00e9veloppement.\u00a0\u00bb<\/p>\n<p>Le but du concept de Journ\u00e9e du Webshop est en effet de devenir une plateforme g\u00e9n\u00e9rique, qui sera \u00e9galement utilis\u00e9e comme base pour d'autres \u00e9v\u00e9nements, et gr\u00e2ce \u00e0 laquelle un site pour des parties externes pourra \u00eatre publi\u00e9 et install\u00e9, en ad\u00e9quation avec les besoins des \u00e9v\u00e9nements concern\u00e9s.<\/p>\n<p>Et c'est pr\u00e9cis\u00e9ment dans ce but que ClanConnect a \u00e9t\u00e9 cr\u00e9\u00e9e en collaboration avec <a href=\"http:\/\/www.thoas.be\/\" target=\"_blank\" rel=\"noopener noreferrer\">THOAS<\/a>. La plateforme a d\u00e9j\u00e0 \u00e9t\u00e9 utilis\u00e9e pour l'\u00e9dition 2017 de Journ\u00e9e du Webshop, et en avril 2018 comme base pour l'\u00e9v\u00e9nement des 7 Nuits Blanches du Shopping de Safeshops. \u00c0 l'avenir, la plateforme pourrait \u00eatre utilis\u00e9e par toute entreprise ou association qui souhaite organiser un tel \u00e9v\u00e9nement en ligne. D'un simple site web, le projet est donc devenu une v\u00e9ritable plateforme.<\/p>\n<p><img loading=\"lazy\" decoding=\"async\" class=\"aligncenter wp-image-15568 size-full\" title=\"Dag van de webshop 2018\" src=\"https:\/\/www.combell.com\/nl\/blog\/files\/dagvandewebshop-banner5.jpg\" alt=\"Dag van de webshop 2018\" width=\"600\" height=\"330\" \/><\/p>\n<h2><strong>La surveillance proactive de Combell pr\u00e9vient les probl\u00e8mes<\/strong><\/h2>\n<p>Mais revenons-en \u00e0 nos moutons... Lorsqu'on lui demande pourquoi c'est Combell qui a \u00e9t\u00e9 choisie, la r\u00e9ponse de Jeroen De Clerck est sans \u00e9quivoque\u00a0: \u00ab\u00a0La r\u00e9putation. Je travaille dans le monde du web depuis 1999, et Combell est \u00e0 mon sens incontournable dans ce secteur. Il est essentiel de choisir un partenaire fiable et qui a d\u00e9j\u00e0 fait ses preuves, surtout lorsque l'on est confront\u00e9 \u00e0 des d\u00e9fis tels que des pics de trafic soudains.\u00a0\u00bb<\/p>\n<blockquote><p>Lorsque l'on est confront\u00e9 \u00e0 des d\u00e9fis tels que des pics de trafic soudains, il est essentiel de choisir un partenaire fiable, comme Combell.<\/p><\/blockquote>\n<p>Pour Jeroen, la fiabilit\u00e9 de Combell est cruciale. \u00ab\u00a0Ils r\u00e9agissent rapidement, aussi bien par t\u00e9l\u00e9phone que par e-mail. Lorsque vous leur t\u00e9l\u00e9phonez, vous pouvez imm\u00e9diatement parler \u00e0 quelqu\u2019un qui poss\u00e8de d'excellentes connaissances et qui vous fournit de bonnes r\u00e9ponses. Et il ne s'agit pas d'explications purement techniques fournies par des personnes qui se limitent \u00e0 pr\u00e9senter des choix techniques. Non, les collaborateurs de Combell r\u00e9fl\u00e9chissent avec leurs clients. Ils sont pr\u00eats \u00e0 se charger de tout, comme par exemple l'installation de certificats SSL.\u00a0\u00bb<\/p>\n<p>La surveillance proactive est un autre atout. \u00ab\u00a0R\u00e9cemment, nous avons \u00e9t\u00e9 inform\u00e9s que l'espace de notre serveur \u00e9tait presque enti\u00e8rement utilis\u00e9. Nous avons ainsi \u00e9t\u00e9 en mesure de rapidement pr\u00e9voir de l'espace suppl\u00e9mentaire afin de ne pas compromettre les performances \u00e0 tout moment. Ce service de surveillance est \u00e9galement propos\u00e9 pour les noms de domaines\u00a0; il y avait d\u2019ailleurs un nom de domaine que nous voulions utiliser pour un projet, mais il avait d\u00e9j\u00e0 \u00e9t\u00e9 enregistr\u00e9. Nous nous sommes donc inform\u00e9s aupr\u00e8s de Combell et avons rapidement trouv\u00e9 une solution\u00a0: ils ont mis en place une fonction d'alerte sur le nom de domaine afin de pouvoir agir d\u00e8s que ce dernier sera \u00e0 nouveau disponible.\u00a0\u00bb<\/p>\n<p>Informez-vous sur <a href=\"https:\/\/www.combell.com\/fr\/applications-secteurs\/saas-webapp-hosting\" target=\"_blank\" rel=\"noopener noreferrer\">l\u2019h\u00e9bergement d\u2019applications<\/a>, <a href=\"https:\/\/www.combell.com\/fr\/hebergement\/hebergement-web\" target=\"_blank\" rel=\"noopener noreferrer\">l\u2019h\u00e9bergement de sites web<\/a>, <a href=\"https:\/\/www.combell.com\/nl\/cloud-server\">l\u2019h\u00e9bergement cloud<\/a> et <a href=\"https:\/\/www.combell.com\/fr\/managed-hosting\" target=\"_blank\" rel=\"noopener noreferrer\">l\u2019h\u00e9bergement infog\u00e9r\u00e9<\/a>, et d\u00e9couvrez comment Combell d\u00e9veloppe des solutions sur mesure qui r\u00e9pondent \u00e0 des besoins d'h\u00e9bergement sp\u00e9cifiques.<\/p>\n<p style=\"text-align: center;\"><a class=\"cta_button\" href=\"https:\/\/www.combell.com\/fr\/managed-hosting\">H\u00e9bergement infog\u00e9r\u00e9 chez Combell<\/a><\/p>\n","protected":false},"excerpt":{"rendered":"<p>Laissez-nous vous pr\u00e9senter l'\u00e9v\u00e9nement en ligne appel\u00e9 \u00ab\u00a0Journ\u00e9e du Webshop\u00a0\u00bb, une initiative qui se d\u00e9roule \u00e0 pr\u00e9sent sur 3 jours, et dont l'objectif est de mettre les boutiques en ligne...<\/p>\n","protected":false},"author":1,"featured_media":7258,"comment_status":"open","ping_status":"open","sticky":false,"template":"","format":"standard","meta":{"_uag_custom_page_level_css":"","footnotes":""},"categories":[67,326,70,62],"tags":[8,234,228,179],"acf":[],"uagb_featured_image_src":{"full":["https:\/\/www.combell.com\/fr\/blog\/files\/Dag-van-de-Webshop-customer-case.jpg",1000,350,false],"thumbnail":["https:\/\/www.combell.com\/fr\/blog\/files\/Dag-van-de-Webshop-customer-case-50x50.jpg",50,50,true],"medium":["https:\/\/www.combell.com\/fr\/blog\/files\/Dag-van-de-Webshop-customer-case-300x105.jpg",300,105,true],"medium_large":["https:\/\/www.combell.com\/fr\/blog\/files\/Dag-van-de-Webshop-customer-case-768x269.jpg",768,269,true],"large":["https:\/\/www.combell.com\/fr\/blog\/files\/Dag-van-de-Webshop-customer-case-1024x358.jpg",1024,358,true],"1536x1536":["https:\/\/www.combell.com\/fr\/blog\/files\/Dag-van-de-Webshop-customer-case.jpg",1000,350,false],"2048x2048":["https:\/\/www.combell.com\/fr\/blog\/files\/Dag-van-de-Webshop-customer-case.jpg",1000,350,false],"post-featured":["https:\/\/www.combell.com\/fr\/blog\/files\/Dag-van-de-Webshop-customer-case-850x290.jpg",850,290,true],"post-featured-opt":["https:\/\/www.combell.com\/fr\/blog\/files\/Dag-van-de-Webshop-customer-case-750x256.jpg",750,256,true],"post-featured-opt-md":["https:\/\/www.combell.com\/fr\/blog\/files\/Dag-van-de-Webshop-customer-case-850x290.jpg",850,290,true],"post-featured-opt-sm":["https:\/\/www.combell.com\/fr\/blog\/files\/Dag-van-de-Webshop-customer-case-485x165.jpg",485,165,true],"post-featured-opt-xs":["https:\/\/www.combell.com\/fr\/blog\/files\/Dag-van-de-Webshop-customer-case-375x128.jpg",375,128,true],"post-most-popular":["https:\/\/www.combell.com\/fr\/blog\/files\/Dag-van-de-Webshop-customer-case-50x50.jpg",50,50,true],"post-author":["https:\/\/www.combell.com\/fr\/blog\/files\/Dag-van-de-Webshop-customer-case-60x60.jpg",60,60,true]},"uagb_author_info":{"display_name":"Combell","author_link":"https:\/\/www.combell.com\/fr\/blog\/author\/blogadmin\/"},"uagb_comment_info":0,"uagb_excerpt":"Laissez-nous vous pr\u00e9senter l'\u00e9v\u00e9nement en ligne appel\u00e9 \u00ab\u00a0Journ\u00e9e du Webshop\u00a0\u00bb, une initiative qui se d\u00e9roule \u00e0 pr\u00e9sent sur 3 jours, et dont l'objectif est de mettre les boutiques en ligne...","_links":{"self":[{"href":"https:\/\/www.combell.com\/fr\/blog\/wp-json\/wp\/v2\/posts\/7035"}],"collection":[{"href":"https:\/\/www.combell.com\/fr\/blog\/wp-json\/wp\/v2\/posts"}],"about":[{"href":"https:\/\/www.combell.com\/fr\/blog\/wp-json\/wp\/v2\/types\/post"}],"author":[{"embeddable":true,"href":"https:\/\/www.combell.com\/fr\/blog\/wp-json\/wp\/v2\/users\/1"}],"replies":[{"embeddable":true,"href":"https:\/\/www.combell.com\/fr\/blog\/wp-json\/wp\/v2\/comments?post=7035"}],"version-history":[{"count":5,"href":"https:\/\/www.combell.com\/fr\/blog\/wp-json\/wp\/v2\/posts\/7035\/revisions"}],"predecessor-version":[{"id":7905,"href":"https:\/\/www.combell.com\/fr\/blog\/wp-json\/wp\/v2\/posts\/7035\/revisions\/7905"}],"wp:featuredmedia":[{"embeddable":true,"href":"https:\/\/www.combell.com\/fr\/blog\/wp-json\/wp\/v2\/media\/7258"}],"wp:attachment":[{"href":"https:\/\/www.combell.com\/fr\/blog\/wp-json\/wp\/v2\/media?parent=7035"}],"wp:term":[{"taxonomy":"category","embeddable":true,"href":"https:\/\/www.combell.com\/fr\/blog\/wp-json\/wp\/v2\/categories?post=7035"},{"taxonomy":"post_tag","embeddable":true,"href":"https:\/\/www.combell.com\/fr\/blog\/wp-json\/wp\/v2\/tags?post=7035"}],"curies":[{"name":"wp","href":"https:\/\/api.w.org\/{rel}","templated":true}]}}