{"id":6998,"date":"2018-09-20T14:33:04","date_gmt":"2018-09-20T12:33:04","guid":{"rendered":"https:\/\/www.combell.com\/fr\/blog\/?p=6998"},"modified":"2018-09-27T14:48:18","modified_gmt":"2018-09-27T12:48:18","slug":"les-eu-web-awards-recompensent-les-meilleurs-sites-web-eu","status":"publish","type":"post","link":"https:\/\/www.combell.com\/fr\/blog\/les-eu-web-awards-recompensent-les-meilleurs-sites-web-eu\/","title":{"rendered":"Les .eu Web Awards r\u00e9compensent les meilleurs sites web .eu"},"content":{"rendered":"<p>Pour souligner l'importance des noms de domaines .eu, EURid pr\u00e9sente les .eu Web Awards pour la quatri\u00e8me ann\u00e9e cons\u00e9cutive. Parmi les candidats, un client de Combell a \u00e9galement \u00e9t\u00e9 nomin\u00e9. Voil\u00e0 qui est tr\u00e8s excitant\u00a0!<\/p>\n<h2><strong>La quatri\u00e8me \u00e9dition des .eu Web Awards<\/strong><\/h2>\n<p><img loading=\"lazy\" decoding=\"async\" class=\"alignright wp-image-15352\" title=\"Web awards eu\" src=\"https:\/\/www.combell.com\/nl\/blog\/files\/web-awards-eu.png\" alt=\"Web awards eu\" width=\"200\" height=\"120\" \/>Un nom de domaine .eu indique clairement que votre site web a une port\u00e9e qui d\u00e9passe les fronti\u00e8res et qu'il s'adresse \u00e0 toute l'Europe. C'est, en r\u00e9sum\u00e9, la raison pour laquelle de nombreuses entreprises choisissent un domaine .eu. Afin de promouvoir de plus belle cette marque europ\u00e9enne, EURid, le registre de ce TLD, organise les <a href=\"https:\/\/webawards.eurid.eu\/\" target=\"_blank\" rel=\"noopener\">.eu Web Awards<\/a> pour la quatri\u00e8me ann\u00e9e cons\u00e9cutive.<\/p>\n<p style=\"text-align: center;\"><a class=\"ghost_button\" href=\"https:\/\/www.combell.com\/fr\/noms-de-domaine\/eu-enregistrement-nom-de-domaine\" target=\"_blank\" rel=\"noopener\">Votre nom de domaine .eu est-il encore disponible\u00a0?<\/a><\/p>\n<p>Ce concours a pour objectif de r\u00e9compenser <strong>les meilleurs sites web qui utilisent un domaine .eu<\/strong>. Du 18 avril au 1<sup>er<\/sup> ao\u00fbt, les sites web qui se sont qualifi\u00e9s pour la course au premier prix ont \u00e9t\u00e9 nomin\u00e9s dans cinq cat\u00e9gories\u00a0:<\/p>\n<p><div class=\"su-list\" style=\"margin-left:0px\"><\/p>\n<ul>\n<li><i class=\"sui sui-star\" style=\"color:#084589\"><\/i> Leaders<\/li>\n<li><i class=\"sui sui-star\" style=\"color:#084589\"><\/i> Rising Stars<\/li>\n<li><i class=\"sui sui-star\" style=\"color:#084589\"><\/i> Laurels<\/li>\n<li><i class=\"sui sui-star\" style=\"color:#084589\"><\/i> House of .EU<\/li>\n<li><i class=\"sui sui-star\" style=\"color:#084589\"><\/i> Better World<\/div><\/li>\n<\/ul>\n<p>Apr\u00e8s le vote du public, les noms des finalistes \u2013 les 3 sites web ayant re\u00e7u le plus de votes dans chaque cat\u00e9gorie \u2013 ont \u00e9t\u00e9 d\u00e9voil\u00e9s le 5 septembre. Les noms de ceux qui remporteront un .eu Web Award seront annonc\u00e9s le 21 novembre 2018.<\/p>\n<h2><strong>Une magnifique campagne de marketing comme r\u00e9compense<\/strong><\/h2>\n<p>Bien s\u00fbr, une telle nomination permettra d'accro\u00eetre la notori\u00e9t\u00e9 des finalistes. Mais le premier prix comprend \u00e9galement plusieurs initiatives de marketing qui permettront de faire conna\u00eetre encore plus le site web. Et ces outils ne sont pas n\u00e9gligeables, puisqu'ils comprennent notamment <strong>une campagne publicitaire qui se d\u00e9roulera pendant deux mois \u00e0 l'a\u00e9roport de Bruxelles-National, ainsi qu'une vid\u00e9o sur le site web<\/strong>, produite par EURid de mani\u00e8re professionnelle.<\/p>\n<p>Et, <em>last but not least<\/em>, les 15 finalistes seront invit\u00e9s au <strong>prestigieux .eu Web Awards Gala<\/strong>, qui se tiendra le 21 novembre 2018 \u00e0 Bruxelles.<\/p>\n<h2><strong>Un client de Combell fait partie des finalistes<\/strong><\/h2>\n<p><img loading=\"lazy\" decoding=\"async\" class=\"alignright wp-image-15353\" title=\"Self genomineerd voor eu award\" src=\"https:\/\/www.combell.com\/nl\/blog\/files\/Self-genomineerd-voor-eu-award.jpg\" alt=\"Self genomineerd voor eu award\" width=\"250\" height=\"288\" \/>Cette ann\u00e9e, le site web de <a href=\"http:\/\/www.naturalself.eu\/\" target=\"_blank\" rel=\"noopener\">NaturalSelf.eu<\/a>, qui est h\u00e9berg\u00e9 par Combell, a \u00e9t\u00e9 nomin\u00e9 dans la cat\u00e9gorie Rising Stars. La soci\u00e9t\u00e9 SELF, qui se d\u00e9finit comme \u00ab\u00a0un petit parmi les grands\u00a0\u00bb, vend des produits authentiques et enti\u00e8rement naturels pour les soins du visage et du corps. Sa devise\u00a0: \u00ab\u00a0SELF, c'est \u00eatre soi-m\u00eame\u00a0\u00bb.<\/p>\n<p>Pour consulter la liste compl\u00e8te des finalistes, rendez-vous sur le site web d\u2019<a href=\"https:\/\/webawards.eurid.eu\/#nominees\" target=\"_blank\" rel=\"noopener\">EURid<\/a>. Nous souhaitons bonne chance \u00e0 tous les finalistes qui participent \u00e0 cette comp\u00e9tition passionnante. Et que le meilleur gagne\u00a0!<\/p>\n<p style=\"text-align: center;\"><a class=\"cta_button\" href=\"https:\/\/www.combell.com\/fr\/noms-de-domaine\/eu-enregistrement-nom-de-domaine\" target=\"_blank\" rel=\"noopener\">D\u00e9couvrez les noms de domaines .eu chez Combell<\/a><\/p>\n","protected":false},"excerpt":{"rendered":"<p>Pour souligner l'importance des noms de domaines .eu, EURid pr\u00e9sente les .eu Web Awards pour la quatri\u00e8me ann\u00e9e cons\u00e9cutive. Parmi les candidats, un client de Combell a \u00e9galement \u00e9t\u00e9 nomin\u00e9....<\/p>\n","protected":false},"author":5,"featured_media":6999,"comment_status":"open","ping_status":"open","sticky":false,"template":"","format":"standard","meta":{"_uag_custom_page_level_css":"","footnotes":""},"categories":[67,68,71,7],"tags":[1001,106,1002,91],"acf":[],"uagb_featured_image_src":{"full":["https:\/\/www.combell.com\/fr\/blog\/files\/eu-web-awards-2018.jpg",850,290,false],"thumbnail":["https:\/\/www.combell.com\/fr\/blog\/files\/eu-web-awards-2018-50x50.jpg",50,50,true],"medium":["https:\/\/www.combell.com\/fr\/blog\/files\/eu-web-awards-2018-300x102.jpg",300,102,true],"medium_large":["https:\/\/www.combell.com\/fr\/blog\/files\/eu-web-awards-2018-768x262.jpg",768,262,true],"large":["https:\/\/www.combell.com\/fr\/blog\/files\/eu-web-awards-2018.jpg",850,290,false],"1536x1536":["https:\/\/www.combell.com\/fr\/blog\/files\/eu-web-awards-2018.jpg",850,290,false],"2048x2048":["https:\/\/www.combell.com\/fr\/blog\/files\/eu-web-awards-2018.jpg",850,290,false],"post-featured":["https:\/\/www.combell.com\/fr\/blog\/files\/eu-web-awards-2018.jpg",850,290,false],"post-featured-opt":["https:\/\/www.combell.com\/fr\/blog\/files\/eu-web-awards-2018-750x256.jpg",750,256,true],"post-featured-opt-md":["https:\/\/www.combell.com\/fr\/blog\/files\/eu-web-awards-2018.jpg",850,290,false],"post-featured-opt-sm":["https:\/\/www.combell.com\/fr\/blog\/files\/eu-web-awards-2018-485x165.jpg",485,165,true],"post-featured-opt-xs":["https:\/\/www.combell.com\/fr\/blog\/files\/eu-web-awards-2018-375x128.jpg",375,128,true],"post-most-popular":["https:\/\/www.combell.com\/fr\/blog\/files\/eu-web-awards-2018-50x50.jpg",50,50,true],"post-author":["https:\/\/www.combell.com\/fr\/blog\/files\/eu-web-awards-2018-60x60.jpg",60,60,true]},"uagb_author_info":{"display_name":"Romy","author_link":"https:\/\/www.combell.com\/fr\/blog\/author\/romy\/"},"uagb_comment_info":0,"uagb_excerpt":"Pour souligner l'importance des noms de domaines .eu, EURid pr\u00e9sente les .eu Web Awards pour la quatri\u00e8me ann\u00e9e cons\u00e9cutive. Parmi les candidats, un client de Combell a \u00e9galement \u00e9t\u00e9 nomin\u00e9....","_links":{"self":[{"href":"https:\/\/www.combell.com\/fr\/blog\/wp-json\/wp\/v2\/posts\/6998"}],"collection":[{"href":"https:\/\/www.combell.com\/fr\/blog\/wp-json\/wp\/v2\/posts"}],"about":[{"href":"https:\/\/www.combell.com\/fr\/blog\/wp-json\/wp\/v2\/types\/post"}],"author":[{"embeddable":true,"href":"https:\/\/www.combell.com\/fr\/blog\/wp-json\/wp\/v2\/users\/5"}],"replies":[{"embeddable":true,"href":"https:\/\/www.combell.com\/fr\/blog\/wp-json\/wp\/v2\/comments?post=6998"}],"version-history":[{"count":1,"href":"https:\/\/www.combell.com\/fr\/blog\/wp-json\/wp\/v2\/posts\/6998\/revisions"}],"predecessor-version":[{"id":7000,"href":"https:\/\/www.combell.com\/fr\/blog\/wp-json\/wp\/v2\/posts\/6998\/revisions\/7000"}],"wp:featuredmedia":[{"embeddable":true,"href":"https:\/\/www.combell.com\/fr\/blog\/wp-json\/wp\/v2\/media\/6999"}],"wp:attachment":[{"href":"https:\/\/www.combell.com\/fr\/blog\/wp-json\/wp\/v2\/media?parent=6998"}],"wp:term":[{"taxonomy":"category","embeddable":true,"href":"https:\/\/www.combell.com\/fr\/blog\/wp-json\/wp\/v2\/categories?post=6998"},{"taxonomy":"post_tag","embeddable":true,"href":"https:\/\/www.combell.com\/fr\/blog\/wp-json\/wp\/v2\/tags?post=6998"}],"curies":[{"name":"wp","href":"https:\/\/api.w.org\/{rel}","templated":true}]}}