{"id":6985,"date":"2018-08-29T14:45:07","date_gmt":"2018-08-29T12:45:07","guid":{"rendered":"https:\/\/www.combell.com\/fr\/blog\/?p=6985"},"modified":"2020-06-02T16:38:32","modified_gmt":"2020-06-02T14:38:32","slug":"meubili-lexternalisation-est-la-solution-ideale-a-condition-de-choisir-le-bon-partenaire","status":"publish","type":"post","link":"https:\/\/www.combell.com\/fr\/blog\/meubili-lexternalisation-est-la-solution-ideale-a-condition-de-choisir-le-bon-partenaire\/","title":{"rendered":"Meubili\u00a0: l&rsquo;externalisation est la solution id\u00e9ale, \u00e0 condition de choisir le bon partenaire\u00a0!"},"content":{"rendered":"<p>L'entreprise de Flandre-Occidentale Meubili, qui fait figure de r\u00e9f\u00e9rence dans le monde du mobilier d'ext\u00e9rieur, a fait appel \u00e0 Combell pour l'externalisation de son mat\u00e9riel informatique. Depuis lors, son PGI, qui est indispensable pour la vente et le traitement des commandes, fonctionne de mani\u00e8re efficace et sans faille. Encore un client de Combell satisfait de son choix\u00a0!<\/p>\n<p><iframe loading=\"lazy\" src=\"https:\/\/www.youtube.com\/embed\/rXMSdnnRrp8\" width=\"560\" height=\"315\" frameborder=\"0\" allowfullscreen=\"allowfullscreen\"><\/iframe><\/p>\n<h2>La prolongation de l\u2019indoor living dans le jardin<\/h2>\n<p>Depuis quelques ann\u00e9es, l\u2019indoor living s'est de plus en plus d\u00e9velopp\u00e9 \u00e0 l'ext\u00e9rieur. On a donc vu appara\u00eetre des salons confortables, des meubles de jardin luxueux et des cuisines ext\u00e9rieures enti\u00e8rement \u00e9quip\u00e9es dans le jardin, qui sont utilis\u00e9s non seulement pendant les mois les plus chauds, mais aussi pendant les p\u00e9riodes plus fra\u00eeches, gr\u00e2ce, par exemple, aux syst\u00e8mes de chauffage de terrasse.<\/p>\n<p><img loading=\"lazy\" decoding=\"async\" class=\"aligncenter wp-image-15286 size-full\" title=\"Terraskachels Meubili\" src=\"https:\/\/www.combell.com\/nl\/blog\/files\/Terraskachels-Meubili.jpg\" alt=\"Terraskachels Meubili\" width=\"750\" height=\"300\" \/><\/p>\n<p><a href=\"http:\/\/www.meubili.be\" target=\"_blank\" rel=\"noopener noreferrer\">Meubili<\/a> s'est donc tout naturellement sp\u00e9cialis\u00e9e dans le mobilier d'ext\u00e9rieur de qualit\u00e9 sup\u00e9rieure. Dans ses trois points de vente permanents (\u00e0 Knokke-Heist, Zedelgem et Lapscheure), avec plus de 7.000 m\u00b2 de showroom, et ses boutiques \u00e9ph\u00e9m\u00e8res, qui rencontrent un \u00e9norme succ\u00e8s en haute saison, Meubili propose un vaste assortiment de meubles des plus grandes marques. Mais la soci\u00e9t\u00e9 de Flandre-Occidentale se consacre \u00e9galement \u00e0 ses propres concepts, son propre d\u00e9veloppement et sa propre production. Cela \u00e9tant, sa priorit\u00e9 est d\u2019\u00eatre \u00e0 la disposition de ses clients, \u00e0 qui elle fournit des conseils pour un am\u00e9nagement ext\u00e9rieur \u00ab\u00a0cl\u00e9 sur porte\u00a0\u00bb, gr\u00e2ce auquel les clients peuvent \u00e9galement profiter d'une terrasse de toit ou d'un jardin urbain comme d'un espace salon confortable, dont ils peuvent profiter du d\u00e9but du printemps jusqu'\u00e0 la fin de l'automne.<\/p>\n<p><img loading=\"lazy\" decoding=\"async\" class=\"aligncenter wp-image-15285 size-full\" title=\"Meubili eigen ontwerp\" src=\"https:\/\/www.combell.com\/nl\/blog\/files\/Meubili-eigen-ontwerp.jpg\" alt=\"Meubili eigen ontwerp\" width=\"750\" height=\"300\" \/><\/p>\n<p>&nbsp;<\/p>\n<h2>Externalisation du mat\u00e9riel informatique chez Combell<\/h2>\n<p>\u00ab\u00a0Lorsque les clients entrent dans le magasin, ils sont rayonnants, parce qu'ils viennent ici pour acheter un produit qui leur procurera du plaisir\u00a0\u00bb, constate <strong>John De Vogelaere<\/strong>, qui dirige l'entreprise avec <strong>Michel Van Weehaeghe<\/strong>. \u00a0Ce plaisir doit cependant aussi se retrouver dans l'ensemble du processus de vente, de l'offre faite au client jusqu'\u00e0 la livraison des produits. Le PGI <a href=\"http:\/\/www.sage.com\/be\/lp\/sage-dbfact\/detailed-information\" target=\"_blank\" rel=\"noopener noreferrer\">DBFACT<\/a> garantit un d\u00e9roulement sans faille de ce processus, du bon de commande au bon de livraison, en passant par la gestion des stocks et la facturation.<\/p>\n<p>Jusqu'\u00e0 il y a quelques ann\u00e9es, ce logiciel tournait sur les serveurs de l'entreprise. Cependant, en partie en raison de la dispersion des diff\u00e9rents points de vente, les gestionnaires ont fini par opter pour l'externalisation. La premi\u00e8re tentative a \u00e9t\u00e9 une exp\u00e9rience assez p\u00e9nible ; il y a eu des probl\u00e8mes de stabilit\u00e9, de connexion et de vitesse. Et pour une entreprise comme Meubili, qui accueille la plupart de ses clients le week-end, c'est une v\u00e9ritable catastrophe quand le syst\u00e8me se plante ou devient indisponible.<\/p>\n<p>Pour Meubili, la stabilit\u00e9 est de ce fait essentielle. \u00ab\u00a0La connexion \u00e0 la centrale de donn\u00e9es doit pouvoir fonctionner correctement, non seulement pour les magasins permanents, mais aussi pour les boutiques \u00e9ph\u00e9m\u00e8res. \u00c0 tr\u00e8s court terme, tous les points de vente devront \u00eatre \u00e9quip\u00e9s de l'infrastructure n\u00e9cessaire, des possibilit\u00e9s de connexion et d'une connexion Internet avec le syst\u00e8me logistique de l'entreprise.\u00a0\u00bb<\/p>\n<p>Meubili a voulu balayer ces probl\u00e8mes une fois pour toutes. \u00ab\u00a0Nous avons analys\u00e9 le march\u00e9, et plusieurs personnes nous ont parl\u00e9 de Combell. Nous les avons donc contact\u00e9s, et avons \u00e9t\u00e9 tr\u00e8s agr\u00e9ablement surpris par leur approche, le sentiment d'appartenance \u00e0 une famille et l'atmosph\u00e8re conviviale comparable \u00e0 celle qui r\u00e8gne dans notre propre entreprise. Nous avons imm\u00e9diatement senti que c'est avec eux que nous devions collaborer. Tout comme nous sommes \u00e0 l'avant-garde dans le domaine du mobilier de jardin de qualit\u00e9 sup\u00e9rieure, Combell est, \u00e0 notre avis, un pionnier dans le domaine de l'h\u00e9bergement et de l'externalisation.\u00a0\u00bb<\/p>\n<p><img loading=\"lazy\" decoding=\"async\" class=\"aligncenter wp-image-15287 size-full\" title=\"Meubili buitenmeubilair\" src=\"https:\/\/www.combell.com\/nl\/blog\/files\/Meubili-buitenmeubilair.jpg\" alt=\"Meubili buitenmeubilair\" width=\"1024\" height=\"512\" \/><\/p>\n<blockquote><p>Tout comme nous sommes \u00e0 l'avant-garde dans le domaine du mobilier de jardin de qualit\u00e9 sup\u00e9rieure, Combell est, \u00e0 notre avis, un pionnier dans le domaine de l'h\u00e9bergement et de l'externalisation. [John De Vogelaere, g\u00e9rant de Meubili]<\/p><\/blockquote>\n<h2>Combell au c\u0153ur m\u00eame de l'entreprise<\/h2>\n<p>Des accords ont donc \u00e9t\u00e9 conclus en vue de la migration vers les serveurs de Combell. La migration est aujourd'hui une perspective que toutes les entreprises craignent. Bien que cette crainte soit tout \u00e0 fait injustifi\u00e9e\u00a0: \u00ab\u00a0Quand on voit comment s'est d\u00e9roul\u00e9e la collaboration avec Combell, et comment cette derni\u00e8re a r\u00e9ussi \u00e0 transf\u00e9rer toute notre entreprise en une seule journ\u00e9e dans un nouveau centre de donn\u00e9es pour que nous puissions imm\u00e9diatement nous remettre au travail, c'est tout simplement incroyable\u00a0!\u00a0\u00bb John est bien conscient que ce n'est pas une chose \u00e9vidente\u00a0: \u00ab\u00a0Vous avez affaire \u00e0 plusieurs intervenants, comme le concepteur de logiciels, le fournisseur de logiciels, l'h\u00e9bergeur, et bien souvent encore d'autres partenaires informatiques. Si les choses tournent mal, il est tr\u00e8s facile de se pointer du doigt les uns les autres. Dans le cas de Combell, les choses ont \u00e9t\u00e9 compl\u00e8tement diff\u00e9rentes : personne n'est point\u00e9 du doigt ; ils cherchent simplement une solution, ce qui est finalement le plus important pour eux, mais aussi pour nous, qui sommes leur client.\u00a0\u00bb<\/p>\n<p>Le PGI DBFACT et Microsoft 365 (Office 365) tournent donc \u00e0 pr\u00e9sent sur les serveurs de Combell, via un syst\u00e8me de bureau \u00e0 distance. Tous les vendeurs disposent de leurs propres identifiants et peuvent imm\u00e9diatement se mettre au travail sur leur propre compte, m\u00eame lorsqu'ils sont en d\u00e9placement, dans les boutiques \u00e9ph\u00e9m\u00e8res par exemple. \u00ab Combell est au c\u0153ur m\u00eame de notre entreprise. Sans notre PGI, nous serions dans l'impossibilit\u00e9 de travailler \u00bb, explique John. \u00ab Gr\u00e2ce \u00e0 Combell, le syst\u00e8me fonctionne de mani\u00e8re stable et rapide - tr\u00e8s rapide m\u00eame : tous nos points de vente fonctionnent \u00e0 la m\u00eame vitesse. Fini les frustrations dues \u00e0 des plantages de syst\u00e8mes, ce qui permet \u00e0 nos employ\u00e9s d'\u00eatre moins stress\u00e9s. Et du fait que nous ne ratons plus aucune vente, notre entreprise est aussi plus rentable ! \u00bb<\/p>\n<p>&nbsp;<\/p>\n<h2>Assistance 24 h\/24 et 7 j\/7, y compris le week-end<\/h2>\n<p>Le fait que Combell soit pr\u00eate \u00e0 intervenir 24 h\/24 et 7 j\/7 en cas de probl\u00e8me, m\u00eame pendant le week-end, est un v\u00e9ritable soulagement pour Meubili, bien que l'entreprise n'ait connu aucun probl\u00e8me \u00e0 ce jour. \u00ab\u00a0Ce que nous appr\u00e9cions tant chez Combell, c'est qu'ils nous contactent r\u00e9guli\u00e8rement, sans que nous le leur demandions quoi que ce soit, pour savoir si nous sommes toujours satisfaits, si la stabilit\u00e9 est toujours aussi bonne, etc.\u00a0\u00bb<\/p>\n<p><img loading=\"lazy\" decoding=\"async\" class=\"aligncenter wp-image-15289 size-full\" title=\"Meubili showroom Knokke\" src=\"https:\/\/www.combell.com\/nl\/blog\/files\/Meubili-showroom-Knokke.jpg\" alt=\"Meubili showroom Knokke\" width=\"1024\" height=\"512\" \/><\/p>\n<p>John est donc ravi d'avoir choisi Combell - et de l'externalisation en g\u00e9n\u00e9ral. \u00ab\u00a0Nous avons opt\u00e9 pour l'externalisation parce que nous disposons d'un tr\u00e8s grand nombre d'informations qui doivent \u00eatre stock\u00e9es en toute s\u00e9curit\u00e9. Les centres de donn\u00e9es de Combell sont extraordinaires \u00e0 cet \u00e9gard. S'il y a un probl\u00e8me au niveau des donn\u00e9es, Il nous suffit de les contacter. Le probl\u00e8me est alors r\u00e9gl\u00e9 en un rien de temps, et les donn\u00e9es sont \u00e0 nouveau l\u00e0 o\u00f9 elles doivent \u00eatre.\u00a0\u00bb Pour lui, l'externalisation \u00e9tait le bon choix, notamment parce qu'il y a plusieurs magasins et aucun point central, ce qui signifie que les employ\u00e9s doivent pouvoir faire leur travail o\u00f9 qu'ils se trouvent. John conclut en soulignant ceci\u00a0: \u00ab\u00a0L'externalisation est la solution id\u00e9ale, \u00e0 condition de choisir le bon partenaire. Et ce bon partenaire, c\u2019est Combell\u00a0!\u00a0\u00bb<\/p>\n<blockquote><p>L'externalisation est la solution id\u00e9ale, \u00e0 condition de choisir le bon partenaire. Et ce bon partenaire, c\u2019est Combell\u00a0! [John De Vogelaere, g\u00e9rant de Meubili]<\/p><\/blockquote>\n<h2><strong>Vous voulez en savoir plus sur les autres clients qui ont optimis\u00e9 leur business gr\u00e2ce \u00e0 l'externalisation\u00a0?<\/strong><\/h2>\n<p>Travaillez-vous toujours sur votre propre infrastructure ou \u00eates-vous toujours \u00e0 la recherche du partenaire id\u00e9al pour votre externalisation\u00a0? D\u00e9couvrez les <a href=\"https:\/\/www.combell.com\/fr\/a-propos-de-combell\/nos-clients\" target=\"_blank\" rel=\"noopener noreferrer\">success-stories de nos clients<\/a>.<\/p>\n<p><a href=\"https:\/\/www.combell.com\/fr\/a-propos-de-combell\/contact\" target=\"_blank\" rel=\"noopener noreferrer\">Nous sommes \u00e9galement \u00e0 votre service<\/a> si vous avez un projet que vous souhaitez concr\u00e9tiser, ou si vous voulez faire passer un projet existant \u00e0 la vitesse sup\u00e9rieure. Nous nous ferons un plaisir de vous conseiller sur les services d'h\u00e9bergement appropri\u00e9s et r\u00e9fl\u00e9chirons \u00e9galement avec vous. Du d\u00e9but \u00e0 la fin, vous pouvez \u00e0 tout moment compter sur notre savoir-faire. Avec l'aide de nos \u00e9quipes, prenez les bonnes d\u00e9cisions strat\u00e9giques\u00a0!<\/p>\n<p>&nbsp;<\/p>\n<p style=\"text-align: center;\"><a class=\"cta_button\" href=\"https:\/\/www.combell.com\/fr\/externalisation-informatique\">Plus sur externalisation<\/a><\/p>\n<p>&nbsp;<\/p>\n","protected":false},"excerpt":{"rendered":"<p>L'entreprise de Flandre-Occidentale Meubili, qui fait figure de r\u00e9f\u00e9rence dans le monde du mobilier d'ext\u00e9rieur, a fait appel \u00e0 Combell pour l'externalisation de son mat\u00e9riel informatique. Depuis lors, son PGI,...<\/p>\n","protected":false},"author":1,"featured_media":6987,"comment_status":"open","ping_status":"open","sticky":false,"template":"","format":"standard","meta":{"_uag_custom_page_level_css":"","footnotes":""},"categories":[67,68,69],"tags":[995,234,52,1045,179],"acf":[],"uagb_featured_image_src":{"full":["https:\/\/www.combell.com\/fr\/blog\/files\/Meubili-customer-case-outsourcing.jpg",850,290,false],"thumbnail":["https:\/\/www.combell.com\/fr\/blog\/files\/Meubili-customer-case-outsourcing-50x50.jpg",50,50,true],"medium":["https:\/\/www.combell.com\/fr\/blog\/files\/Meubili-customer-case-outsourcing-300x102.jpg",300,102,true],"medium_large":["https:\/\/www.combell.com\/fr\/blog\/files\/Meubili-customer-case-outsourcing-768x262.jpg",768,262,true],"large":["https:\/\/www.combell.com\/fr\/blog\/files\/Meubili-customer-case-outsourcing.jpg",850,290,false],"1536x1536":["https:\/\/www.combell.com\/fr\/blog\/files\/Meubili-customer-case-outsourcing.jpg",850,290,false],"2048x2048":["https:\/\/www.combell.com\/fr\/blog\/files\/Meubili-customer-case-outsourcing.jpg",850,290,false],"post-featured":["https:\/\/www.combell.com\/fr\/blog\/files\/Meubili-customer-case-outsourcing.jpg",850,290,false],"post-featured-opt":["https:\/\/www.combell.com\/fr\/blog\/files\/Meubili-customer-case-outsourcing-750x256.jpg",750,256,true],"post-featured-opt-md":["https:\/\/www.combell.com\/fr\/blog\/files\/Meubili-customer-case-outsourcing.jpg",850,290,false],"post-featured-opt-sm":["https:\/\/www.combell.com\/fr\/blog\/files\/Meubili-customer-case-outsourcing-485x165.jpg",485,165,true],"post-featured-opt-xs":["https:\/\/www.combell.com\/fr\/blog\/files\/Meubili-customer-case-outsourcing-375x128.jpg",375,128,true],"post-most-popular":["https:\/\/www.combell.com\/fr\/blog\/files\/Meubili-customer-case-outsourcing-50x50.jpg",50,50,true],"post-author":["https:\/\/www.combell.com\/fr\/blog\/files\/Meubili-customer-case-outsourcing-60x60.jpg",60,60,true]},"uagb_author_info":{"display_name":"Combell","author_link":"https:\/\/www.combell.com\/fr\/blog\/author\/blogadmin\/"},"uagb_comment_info":0,"uagb_excerpt":"L'entreprise de Flandre-Occidentale Meubili, qui fait figure de r\u00e9f\u00e9rence dans le monde du mobilier d'ext\u00e9rieur, a fait appel \u00e0 Combell pour l'externalisation de son mat\u00e9riel informatique. Depuis lors, son PGI,...","_links":{"self":[{"href":"https:\/\/www.combell.com\/fr\/blog\/wp-json\/wp\/v2\/posts\/6985"}],"collection":[{"href":"https:\/\/www.combell.com\/fr\/blog\/wp-json\/wp\/v2\/posts"}],"about":[{"href":"https:\/\/www.combell.com\/fr\/blog\/wp-json\/wp\/v2\/types\/post"}],"author":[{"embeddable":true,"href":"https:\/\/www.combell.com\/fr\/blog\/wp-json\/wp\/v2\/users\/1"}],"replies":[{"embeddable":true,"href":"https:\/\/www.combell.com\/fr\/blog\/wp-json\/wp\/v2\/comments?post=6985"}],"version-history":[{"count":8,"href":"https:\/\/www.combell.com\/fr\/blog\/wp-json\/wp\/v2\/posts\/6985\/revisions"}],"predecessor-version":[{"id":7369,"href":"https:\/\/www.combell.com\/fr\/blog\/wp-json\/wp\/v2\/posts\/6985\/revisions\/7369"}],"wp:featuredmedia":[{"embeddable":true,"href":"https:\/\/www.combell.com\/fr\/blog\/wp-json\/wp\/v2\/media\/6987"}],"wp:attachment":[{"href":"https:\/\/www.combell.com\/fr\/blog\/wp-json\/wp\/v2\/media?parent=6985"}],"wp:term":[{"taxonomy":"category","embeddable":true,"href":"https:\/\/www.combell.com\/fr\/blog\/wp-json\/wp\/v2\/categories?post=6985"},{"taxonomy":"post_tag","embeddable":true,"href":"https:\/\/www.combell.com\/fr\/blog\/wp-json\/wp\/v2\/tags?post=6985"}],"curies":[{"name":"wp","href":"https:\/\/api.w.org\/{rel}","templated":true}]}}