{"id":6918,"date":"2018-04-25T16:55:48","date_gmt":"2018-04-25T14:55:48","guid":{"rendered":"https:\/\/www.combell.com\/fr\/blog\/?p=6918"},"modified":"2026-01-29T17:17:31","modified_gmt":"2026-01-29T16:17:31","slug":"lextension-de-domaine-app-sera-bientot-disponible","status":"publish","type":"post","link":"https:\/\/www.combell.com\/fr\/blog\/lextension-de-domaine-app-sera-bientot-disponible\/","title":{"rendered":"L\u2019extension de domaine .app sera bient\u00f4t disponible"},"content":{"rendered":"<p>Une nouvelle extension sera lanc\u00e9e le 8 mai 2018. D\u00e9veloppez-vous ou concevez-vous des applications\u00a0? Dans ce cas, cela fait peut-\u00eatre d\u00e9j\u00e0 quelque temps que vous attendiez cette<strong> extension de domaine .app<\/strong>. Une telle extension permet en effet aux internautes d\u2019imm\u00e9diatement conna\u00eetre le but de votre site web. Cette nouvelle extension de domaine est d\u00e9j\u00e0 extr\u00eamement populaire \u00e0 l\u2019heure actuelle et deviendra sans aucun doute la plus importante de 2018. Et c\u2019est pr\u00e9cis\u00e9ment parce que la demande est d\u00e9j\u00e0 si importante que nous <a href=\"https:\/\/www.combell.com\/fr\/noms-de-domaine\/app-enregistrement-nom-de-domaine\" target=\"_blank\" rel=\"noopener\">proposons des pr\u00e9-enregistrements<\/a>. N\u2019attendez donc plus trop longtemps, car les noms de domaines .app se vendront comme des petits pains\u00a0!<\/p>\n<p style=\"text-align: center;\"><a class=\"cta_button\" href=\"https:\/\/www.combell.com\/fr\/noms-de-domaine\/app-enregistrement-nom-de-domaine\" target=\"_blank\" rel=\"noopener\">PLUS D\u2019INFOS SUR LE NOM DE DOMAINE .APP<\/a><\/p>\n<h2><strong>Premier arriv\u00e9, premier servi<\/strong><\/h2>\n<p><span style=\"color: #ff0000;\"><span style=\"color: #000000;\"><img loading=\"lazy\" decoding=\"async\" class=\"alignright wp-image-15002\" title=\".app domeinextensie preregistreren\" src=\"https:\/\/www.combell.com\/nl\/blog\/files\/2018\/04\/APP.png\" alt=\".app domeinextensie preregistreren\" width=\"200\" height=\"121\" \/><\/span><\/span><\/p>\n<p>Chez nous, vous pouvez pr\u00e9-enregistrer votre <a href=\"https:\/\/www.combell.com\/fr\/noms-de-domaine\/app-enregistrement-nom-de-domaine\" target=\"_blank\" rel=\"noopener\">nom de domaine .app<\/a>. \u00c0 partir du moment o\u00f9 l\u2019extension sera officiellement lanc\u00e9e, nous soumettrons directement votre demande. Dans ce cadre, les demandes sont trait\u00e9es selon le principe du \u00ab\u00a0premier arriv\u00e9, premier servi\u00a0\u00bb, ce qui signifie que si quelqu\u2019un d\u2019autre vous pr\u00e9c\u00e8de pour le m\u00eame nom de domaine, ce dernier ne sera plus disponible. Il faut donc agir le plus vite possible. Les pr\u00e9-enregistrements se d\u00e9roulent en plusieurs phases\u00a0:<\/p>\n<h3><strong>1: P\u00e9riode de sunrise<\/strong><\/h3>\n<p>Les titulaires de marques (TMCH) peuvent enregistrer leur marque prot\u00e9g\u00e9e d\u00e8s \u00e0 pr\u00e9sent au prix standard.\u00a0<a href=\"https:\/\/www.combell.com\/fr\/a-propos-de-combell\/contact\" target=\"_blank\" rel=\"noopener\">Pour ce faire, veuillez contacter notre d\u00e9partement commercial.<\/a><\/p>\n<h3><strong>2: P\u00e9riode de landrush (Early Access)<\/strong><\/h3>\n<p>\u00c0 partir du 1<sup>er<\/sup> mai, les personnes qui ne sont pas titulaires d\u2019une marque pourront elles aussi enregistrer leur nom de domaine. La p\u00e9riode de landrush sera divis\u00e9e en 5 phases d\u2019Early Access diff\u00e9rentes. Jouez la s\u00e9curit\u00e9 et pr\u00e9-enregistrez sans plus attendre votre nom de domaine .app pour la phase souhait\u00e9e. Nous transformerons ensuite votre pr\u00e9-enregistrement en un enregistrement dans la phase choisie (si personne n\u2019a pr\u00e9-enregistr\u00e9 le nom de domaine avant).<\/p>\n<p>Pour les 3 premi\u00e8res phases, vous devrez contacter notre d\u00e9partement commercial <a href=\"https:\/\/www.combell.com\/fr\/a-propos-de-combell\/contact\" target=\"_blank\" rel=\"noopener\">par t\u00e9l\u00e9phone ou par e-mail.<\/a>\u00a0Pour la 4<sup>\u00e8me<\/sup> et la\u00a05<sup>\u00e8me<\/sup> phase, vous pourrez sans aucun probl\u00e8me effectuer votre <a href=\"https:\/\/www.combell.com\/fr\/noms-de-domaine\/app-enregistrement-nom-de-domaine\" target=\"_blank\" rel=\"noopener\">r\u00e9servation via notre boutique en ligne<\/a>.<\/p>\n<p>\n<table id=\"tablepress-dotappFR\" class=\"tablepress tablepress-id-dotappFR\">\n<thead>\n<tr class=\"row-1 odd\">\n\t<th class=\"column-1\">Phase<\/th><th class=\"column-2\">Du<\/th><th class=\"column-3\">Au<\/th><th class=\"column-4\">Frais d\u2019activation (uniques)<\/th>\n<\/tr>\n<\/thead>\n<tbody class=\"row-hover\">\n<tr class=\"row-2 even\">\n\t<td class=\"column-1\"><strong>Phase 1<\/strong><\/td><td class=\"column-2\">1\/05\/2018 18 h<\/td><td class=\"column-3\">2\/05\/2018 18 h<\/td><td class=\"column-4\">15.000 EUR<\/td>\n<\/tr>\n<tr class=\"row-3 odd\">\n\t<td class=\"column-1\"><strong>Phase 2<\/strong><\/td><td class=\"column-2\">2\/05\/2018 18 h<\/td><td class=\"column-3\">3\/05\/2018 18 h<\/td><td class=\"column-4\">5.000 EUR<\/td>\n<\/tr>\n<tr class=\"row-4 even\">\n\t<td class=\"column-1\"><strong>Phase 3<\/strong><\/td><td class=\"column-2\">3\/05\/2018 18 h<\/td><td class=\"column-3\">4\/05\/2018 18 h<\/td><td class=\"column-4\">1.750 EUR<\/td>\n<\/tr>\n<tr class=\"row-5 odd\">\n\t<td class=\"column-1\"><strong>Phase 4<\/strong><\/td><td class=\"column-2\">4\/05\/2018 18 h<\/td><td class=\"column-3\">5\/05\/2018 18 h<\/td><td class=\"column-4\">950 EUR<\/td>\n<\/tr>\n<tr class=\"row-6 even\">\n\t<td class=\"column-1\"><strong>Phase 5<\/strong><\/td><td class=\"column-2\">5\/05\/2018 18 h<\/td><td class=\"column-3\">8\/05\/2018 18 h<\/td><td class=\"column-4\">175 EUR<\/td>\n<\/tr>\n<\/tbody>\n<\/table>\n<!-- #tablepress-dotappFR from cache --><\/p>\n<p><strong>Vous ne payez que si l\u2019enregistrement a r\u00e9ussi.<\/strong><br \/>\nVous payerez uniquement les frais d\u2019activation uniques, en plus du montant de l\u2019enregistrement standard, si nous parvenons \u00e0 enregistrer votre nom de domaine durant la phase d\u2019Early Access.<\/p>\n<h3>3:\u00a0<strong>P\u00e9riode GoLive<\/strong><\/h3>\n<p>\u00c0 partir du 8 mai, n\u2019importe qui pourra enregistrer librement un domaine .app, toujours selon le principe du \u00ab premier arriv\u00e9, premier servi \u00bb. Le prix d\u2019un nom de domaine avec l\u2019extension .app s\u2019\u00e9l\u00e8ve \u00e0 <strong>32,5 EUR<\/strong>\u00a0pour des <strong>demandes standards<\/strong>. Pour les noms de domaines premium et leurs prix, n\u2019h\u00e9sitez pas \u00e0 nous\u00a0<a href=\"https:\/\/www.combell.com\/fr\/a-propos-de-combell\/contact\" target=\"_blank\" rel=\"noopener\"><strong>contacter<\/strong><\/a>.<\/p>\n<h2><strong>Pourquoi pr\u00e9-enregistrer un domaine .app chez Combell\u00a0?<\/strong><\/h2>\n<p>Chez Combell, nous mettons tout en \u0153uvre pour vous fournir un service de qualit\u00e9. Voil\u00e0 pourquoi nous vous offrons\u00a0<strong>diff\u00e9rents services gratuits<\/strong>\u00a0lorsque vous enregistrez un nom de domaine .app chez nous.<\/p>\n<p><div class=\"su-list\" style=\"margin-left:0px\"><\/p>\n<ul>\n<li><i class=\"sui sui-check\" style=\"color:#30bd53\"><\/i> Bo\u00eete mail de 1 Go et adresse mail gratuites<\/li>\n<li><i class=\"sui sui-check\" style=\"color:#30bd53\"><\/i> Connexion \u00e0 un site web (existant ou nouveau) gratuite<\/li>\n<li><i class=\"sui sui-check\" style=\"color:#30bd53\"><\/i> Sous-domaines illimit\u00e9s gratuits<\/li>\n<li><i class=\"sui sui-check\" style=\"color:#30bd53\"><\/i> Assistance en fran\u00e7ais 24 h\/24 et 7 j\/7 gratuite<\/li>\n<li><i class=\"sui sui-check\" style=\"color:#30bd53\"><\/i> Coupon AdWords d\u2019une valeur de 75 EUR gratuit<\/li>\n<\/ul>\n<p><\/div><\/p>\n<p>Et il ne s\u2019agit l\u00e0 que de quelques-uns des services gratuits que nous proposons \u00e0 nos clients.<\/p>\n<p style=\"text-align: center;\"><a class=\"cta_button\" href=\"https:\/\/www.combell.com\/fr\/noms-de-domaine\/\" target=\"_blank\" rel=\"noopener\">Pr\u00e9-enregistrez votre .app maintenant!<\/a><\/p>\n<p style=\"text-align: center;\"><span style=\"color: #ffffff;\">.<\/span><\/p>\n","protected":false},"excerpt":{"rendered":"<p>Une nouvelle extension sera lanc\u00e9e le 8 mai 2018. D\u00e9veloppez-vous ou concevez-vous des applications\u00a0? Dans ce cas, cela fait peut-\u00eatre d\u00e9j\u00e0 quelque temps que vous attendiez cette extension de domaine...<\/p>\n","protected":false},"author":5,"featured_media":6922,"comment_status":"open","ping_status":"open","sticky":false,"template":"","format":"standard","meta":{"_uag_custom_page_level_css":"","footnotes":""},"categories":[67,68,72,7],"tags":[969,163,144,56,970,971],"acf":[],"uagb_featured_image_src":{"full":["https:\/\/www.combell.com\/fr\/blog\/files\/2018\/04\/app-domeinextensie-pre-registreren.jpg",850,290,false],"thumbnail":["https:\/\/www.combell.com\/fr\/blog\/files\/2018\/04\/app-domeinextensie-pre-registreren-50x50.jpg",50,50,true],"medium":["https:\/\/www.combell.com\/fr\/blog\/files\/2018\/04\/app-domeinextensie-pre-registreren-300x102.jpg",300,102,true],"medium_large":["https:\/\/www.combell.com\/fr\/blog\/files\/2018\/04\/app-domeinextensie-pre-registreren-768x262.jpg",768,262,true],"large":["https:\/\/www.combell.com\/fr\/blog\/files\/2018\/04\/app-domeinextensie-pre-registreren.jpg",850,290,false],"1536x1536":["https:\/\/www.combell.com\/fr\/blog\/files\/2018\/04\/app-domeinextensie-pre-registreren.jpg",850,290,false],"2048x2048":["https:\/\/www.combell.com\/fr\/blog\/files\/2018\/04\/app-domeinextensie-pre-registreren.jpg",850,290,false],"post-featured":["https:\/\/www.combell.com\/fr\/blog\/files\/2018\/04\/app-domeinextensie-pre-registreren.jpg",850,290,false],"post-featured-opt":["https:\/\/www.combell.com\/fr\/blog\/files\/2018\/04\/app-domeinextensie-pre-registreren-750x256.jpg",750,256,true],"post-featured-opt-md":["https:\/\/www.combell.com\/fr\/blog\/files\/2018\/04\/app-domeinextensie-pre-registreren.jpg",850,290,false],"post-featured-opt-sm":["https:\/\/www.combell.com\/fr\/blog\/files\/2018\/04\/app-domeinextensie-pre-registreren-485x165.jpg",485,165,true],"post-featured-opt-xs":["https:\/\/www.combell.com\/fr\/blog\/files\/2018\/04\/app-domeinextensie-pre-registreren-375x128.jpg",375,128,true],"post-most-popular":["https:\/\/www.combell.com\/fr\/blog\/files\/2018\/04\/app-domeinextensie-pre-registreren-50x50.jpg",50,50,true],"post-author":["https:\/\/www.combell.com\/fr\/blog\/files\/2018\/04\/app-domeinextensie-pre-registreren-60x60.jpg",60,60,true]},"uagb_author_info":{"display_name":"Romy","author_link":"https:\/\/www.combell.com\/fr\/blog\/author\/romy\/"},"uagb_comment_info":0,"uagb_excerpt":"Une nouvelle extension sera lanc\u00e9e le 8 mai 2018. D\u00e9veloppez-vous ou concevez-vous des applications\u00a0? Dans ce cas, cela fait peut-\u00eatre d\u00e9j\u00e0 quelque temps que vous attendiez cette extension de domaine...","_links":{"self":[{"href":"https:\/\/www.combell.com\/fr\/blog\/wp-json\/wp\/v2\/posts\/6918"}],"collection":[{"href":"https:\/\/www.combell.com\/fr\/blog\/wp-json\/wp\/v2\/posts"}],"about":[{"href":"https:\/\/www.combell.com\/fr\/blog\/wp-json\/wp\/v2\/types\/post"}],"author":[{"embeddable":true,"href":"https:\/\/www.combell.com\/fr\/blog\/wp-json\/wp\/v2\/users\/5"}],"replies":[{"embeddable":true,"href":"https:\/\/www.combell.com\/fr\/blog\/wp-json\/wp\/v2\/comments?post=6918"}],"version-history":[{"count":11,"href":"https:\/\/www.combell.com\/fr\/blog\/wp-json\/wp\/v2\/posts\/6918\/revisions"}],"predecessor-version":[{"id":7929,"href":"https:\/\/www.combell.com\/fr\/blog\/wp-json\/wp\/v2\/posts\/6918\/revisions\/7929"}],"wp:featuredmedia":[{"embeddable":true,"href":"https:\/\/www.combell.com\/fr\/blog\/wp-json\/wp\/v2\/media\/6922"}],"wp:attachment":[{"href":"https:\/\/www.combell.com\/fr\/blog\/wp-json\/wp\/v2\/media?parent=6918"}],"wp:term":[{"taxonomy":"category","embeddable":true,"href":"https:\/\/www.combell.com\/fr\/blog\/wp-json\/wp\/v2\/categories?post=6918"},{"taxonomy":"post_tag","embeddable":true,"href":"https:\/\/www.combell.com\/fr\/blog\/wp-json\/wp\/v2\/tags?post=6918"}],"curies":[{"name":"wp","href":"https:\/\/api.w.org\/{rel}","templated":true}]}}