{"id":6223,"date":"2016-04-25T13:27:49","date_gmt":"2016-04-25T11:27:49","guid":{"rendered":"https:\/\/www.combell.com\/fr\/blog\/?p=6223"},"modified":"2026-03-06T15:25:47","modified_gmt":"2026-03-06T14:25:47","slug":"fondateur-de-combell-jonas-dhaenens-nomine-titre-dict-personality-of-the-year","status":"publish","type":"post","link":"https:\/\/www.combell.com\/fr\/blog\/fondateur-de-combell-jonas-dhaenens-nomine-titre-dict-personality-of-the-year\/","title":{"rendered":"Le fondateur de Combell, Jonas Dhaenens, nomin\u00e9 pour le titre d\u2019ICT Personality of the Year"},"content":{"rendered":"<p style=\"text-align: right; margin-top: -35px!important;\"><a href=\"https:\/\/www.combell.com\/nl\/blog\/combell-oprichter-jonas-dhaenens-genomineerd-ict-personality-the-year\/\" target=\"_blank\" rel=\"noopener\">Lees in het Nederlands<\/a> - <a href=\"https:\/\/www.combell.com\/en\/blog\/combell-founder-jonas-dhaenens-nominated-title-ict-personality-year\/\" target=\"_blank\" rel=\"noopener\">Read in English<\/a><\/p>\n<p>C\u2019est un v\u00e9ritable honneur que d\u2019\u00eatre nomin\u00e9 parmi d\u2019autres personnalit\u00e9s importantes du monde de l\u2019informatique dans le cadre de l\u2019\u00e9lection de l\u2019ICT Personality of the Year, qui est organis\u00e9e par Data News. Surtout parce que Jonas est l\u2019exemple m\u00eame du natif num\u00e9rique, qui a d\u00e8s son plus jeune \u00e2ge su faire preuve d\u2019un esprit d\u2019entreprise r\u00e9aliste. Croisons donc les doigts\u00a0!<\/p>\n<p><img loading=\"lazy\" decoding=\"async\" class=\"alignright wp-image-6225\" title=\"Datanews Awards 2016\" src=\"https:\/\/www.combell.com\/fr\/blog\/files\/2016\/04\/Datanews-Awards-2016.png\" alt=\"Datanews Awards 2016\" width=\"150\" height=\"150\" srcset=\"https:\/\/www.combell.com\/fr\/blog\/files\/2016\/04\/Datanews-Awards-2016.png 250w, https:\/\/www.combell.com\/fr\/blog\/files\/2016\/04\/Datanews-Awards-2016-50x50.png 50w, https:\/\/www.combell.com\/fr\/blog\/files\/2016\/04\/Datanews-Awards-2016-60x60.png 60w\" sizes=\"(max-width: 150px) 100vw, 150px\" \/>Chaque ann\u00e9e, le magazine informatique belge Data News, qui tout comme le c\u00e9l\u00e8bre magazine flamand Knack appartient \u00e0 Roularta Media Group, d\u00e9cerne <strong>14 awards dans diverses cat\u00e9gories<\/strong> \u00e0 des entreprises belges exceptionnelles, pour leurs excellentes performances. <strong>Et chaque ann\u00e9e, un seul prix sp\u00e9cial, l\u2019award de l\u2019\u00ab\u00a0ICT Personality of the Year\u00a0\u00bb<\/strong> est remis \u00e0 un entrepreneur insolite, qui a su r\u00e9ellement marquer le paysage belge de l\u2019informatique.<\/p>\n<h2>Portraits des pr\u00e9c\u00e9dents gagnants de l\u2019award<\/h2>\n<p>La liste des gagnants des awards des ann\u00e9es pass\u00e9es t\u00e9moigne du talent et de l\u2019esprit d\u2019entreprise qui a ses racines dans notre pays. Jan Valcke de Vasco Data Security a remport\u00e9 le premier award en 2011 \u2013 un prix qui a r\u00e9compens\u00e9 de longues ann\u00e9es de dur labeur. Sophie Vandebroek, qui habite et travaille aux \u00c9tats-Unis, et qui travaillait d\u00e9j\u00e0 depuis 20 ans pour Xerox au moment o\u00f9 elle a re\u00e7u l\u2019award en 2012, est une preuve vivante que les femmes n\u2019ont pas n\u00e9cessairement froid aux yeux dans le monde de l\u2019informatique, qui reste majoritairement masculin.<\/p>\n<p><img loading=\"lazy\" decoding=\"async\" class=\"wp-image-6226 alignleft\" title=\"Dries Buytaert Datanews ICT personality of the year\" src=\"https:\/\/www.combell.com\/fr\/blog\/files\/2016\/04\/Dries-Buytaert-Datanews-ICT-personality-of-the-year.jpg\" alt=\"Dries Buytaert Datanews ICT personality of the year\" width=\"250\" height=\"166\" srcset=\"https:\/\/www.combell.com\/fr\/blog\/files\/2016\/04\/Dries-Buytaert-Datanews-ICT-personality-of-the-year.jpg 900w, https:\/\/www.combell.com\/fr\/blog\/files\/2016\/04\/Dries-Buytaert-Datanews-ICT-personality-of-the-year-300x200.jpg 300w, https:\/\/www.combell.com\/fr\/blog\/files\/2016\/04\/Dries-Buytaert-Datanews-ICT-personality-of-the-year-768x511.jpg 768w\" sizes=\"(max-width: 250px) 100vw, 250px\" \/>Eric Van Zele, CEO de Barco, a quant \u00e0 lui report\u00e9 l\u2019award en 2013, suivi en 2014 par Dries Buytaert, l\u2019homme qui a su placer la Belgique sur la carte mondiale des d\u00e9veloppeurs gr\u00e2ce \u00e0 son SGC open source Drupal (alors qu\u2019il n\u2019avait \u00e0 l\u2019\u00e9poque que 35 ans) et qui, en 2007, a fond\u00e9 Acquia pour pouvoir poursuivre le d\u00e9veloppement de Drupal avant de faire son entr\u00e9e en bourse avec cette m\u00eame soci\u00e9t\u00e9 en 2015. Et le dernier de la liste actuelle est Jurgen Ingels, le fondateur de la soci\u00e9t\u00e9 de paiements Clear2Pay (qui a entre-temps \u00e9t\u00e9 revendue) et de Smartfin Capital, un fonds pour les soci\u00e9t\u00e9s \u00e0 fort potentiel de croissance dans les technologies avant-gardistes et financi\u00e8res.<\/p>\n<h2>Jonas Dhaenens, entrepreneur informatique dans l\u2019\u00e2me<\/h2>\n<p><img loading=\"lazy\" decoding=\"async\" class=\"alignright wp-image-6227\" title=\"Jonas Dhaenens nomin\u00e9 pour Datanews ICT personality of the year\" src=\"https:\/\/www.combell.com\/fr\/blog\/files\/2016\/04\/Jonas-Dhaenens-nomin\u00e9-pour-Datanews-ICT-personality-of-the-year.jpg\" alt=\"Jonas Dhaenens nomin\u00e9 pour Datanews ICT personality of the year\" width=\"200\" height=\"300\" srcset=\"https:\/\/www.combell.com\/fr\/blog\/files\/2016\/04\/Jonas-Dhaenens-nomin\u00e9-pour-Datanews-ICT-personality-of-the-year.jpg 667w, https:\/\/www.combell.com\/fr\/blog\/files\/2016\/04\/Jonas-Dhaenens-nomin\u00e9-pour-Datanews-ICT-personality-of-the-year-200x300.jpg 200w, https:\/\/www.combell.com\/fr\/blog\/files\/2016\/04\/Jonas-Dhaenens-nomin\u00e9-pour-Datanews-ICT-personality-of-the-year-768x1152.jpg 768w, https:\/\/www.combell.com\/fr\/blog\/files\/2016\/04\/Jonas-Dhaenens-nomin\u00e9-pour-Datanews-ICT-personality-of-the-year-683x1024.jpg 683w\" sizes=\"(max-width: 200px) 100vw, 200px\" \/>Nous avons le grand plaisir de pouvoir annoncer que Jonas Dhaenens, le fondateur de Combell (avec Frederik Poelman comme partenaire), a \u00e9t\u00e9 nomin\u00e9 pour ce prestigieux award.<\/p>\n<p>Jonas dispose en tout cas de r\u00e9f\u00e9rences tr\u00e8s impressionnantes. \u00c0 l\u2019\u00e2ge de 12 ans, il voulait d\u00e9j\u00e0 devenir entrepreneur, et \u00e0 16 ans, il avait d\u00e9j\u00e0 trouv\u00e9 le nom de sa future entreprise\u00a0: Combell. Jonas ne savait alors pas encore ce que cette entreprise deviendrait au juste, mais il savait qu\u2019elle aurait \u00ab\u00a0un rapport avec les ordinateurs\u00a0\u00bb et avec le fait d\u2019appeler (\u00ab\u00a0bellen\u00a0\u00bb en n\u00e9erlandais). Ensuite, jeune adolescent, il a enregistr\u00e9 son propre nom de domaine avec l\u2019argent de poche qu\u2019il avait re\u00e7u en r\u00e9compense de son p\u00e8re pour avoir eu un bon bulletin scolaire.<\/p>\n<p>17 ans plus tard, Jonas dirige un groupe d\u00e9velopp\u00e9 de fa\u00e7on \u00e9quilibr\u00e9e et diversifi\u00e9, actif en Belgique et aux Pays-Bas, qui comprend diff\u00e9rentes branches, chacune ayant sa propre sp\u00e9cialit\u00e9, tant pour les PME que pour les grandes entreprises. Le groupe emploie actuellement 325 personnes et a r\u00e9alis\u00e9 un chiffre d\u2019affaires de 59 millions d\u2019euros en 2015.<\/p>\n<p>Avec la collaboration de la ville de Gand, le groupe a m\u00eame \u00e9t\u00e9 \u00e0 l\u2019origine de la nouvelle extension de domaine .gent, qui fournit des domaines de type <span style=\"text-decoration: underline;\">www.monnom.gent<\/span> aux citoyens et <span style=\"text-decoration: underline;\">www.monentreprise.gent<\/span> aux soci\u00e9t\u00e9s de la r\u00e9gion de Gand, mais aussi de type <span style=\"text-decoration: underline;\">www.ville.gent<\/span> \u00e0 l\u2019administration de la ville.<\/p>\n<h2>Des adversaires de taille<\/h2>\n<p>S\u2019il devait remporter cet award, Jonas serait le plus jeune candidat \u00e0 rafler cette prestigieuse r\u00e9compense. Mais il aura affaire \u00e0 des adversaires redoutables. Parmi la liste des nomin\u00e9s se trouvent en effet des noms de personnalit\u00e9s telles que Dominique Leroy (CEO de Proximus), John Porter (CEO de Telenet), Pieterjan Bouten (CEO de Showpad), Fran\u00e7oise Chombar (CEO de Melexis)... Bonne chance, Jonas\u00a0!<\/p>\n","protected":false},"excerpt":{"rendered":"<p>Lees in het Nederlands - Read in English C\u2019est un v\u00e9ritable honneur que d\u2019\u00eatre nomin\u00e9 parmi d\u2019autres personnalit\u00e9s importantes du monde de l\u2019informatique dans le cadre de l\u2019\u00e9lection de l\u2019ICT...<\/p>\n","protected":false},"author":5,"featured_media":6234,"comment_status":"open","ping_status":"open","sticky":false,"template":"","format":"standard","meta":{"_uag_custom_page_level_css":"","footnotes":""},"categories":[67,68,72,71],"tags":[36,304],"acf":[],"uagb_featured_image_src":{"full":["https:\/\/www.combell.com\/fr\/blog\/files\/2016\/04\/Datanews-Awards-2016-1.jpg",850,290,false],"thumbnail":["https:\/\/www.combell.com\/fr\/blog\/files\/2016\/04\/Datanews-Awards-2016-1-50x50.jpg",50,50,true],"medium":["https:\/\/www.combell.com\/fr\/blog\/files\/2016\/04\/Datanews-Awards-2016-1-300x102.jpg",300,102,true],"medium_large":["https:\/\/www.combell.com\/fr\/blog\/files\/2016\/04\/Datanews-Awards-2016-1-768x262.jpg",768,262,true],"large":["https:\/\/www.combell.com\/fr\/blog\/files\/2016\/04\/Datanews-Awards-2016-1.jpg",850,290,false],"1536x1536":["https:\/\/www.combell.com\/fr\/blog\/files\/2016\/04\/Datanews-Awards-2016-1.jpg",850,290,false],"2048x2048":["https:\/\/www.combell.com\/fr\/blog\/files\/2016\/04\/Datanews-Awards-2016-1.jpg",850,290,false],"post-featured":["https:\/\/www.combell.com\/fr\/blog\/files\/2016\/04\/Datanews-Awards-2016-1.jpg",850,290,false],"post-featured-opt":["https:\/\/www.combell.com\/fr\/blog\/files\/2016\/04\/Datanews-Awards-2016-1-750x256.jpg",750,256,true],"post-featured-opt-md":["https:\/\/www.combell.com\/fr\/blog\/files\/2016\/04\/Datanews-Awards-2016-1.jpg",850,290,false],"post-featured-opt-sm":["https:\/\/www.combell.com\/fr\/blog\/files\/2016\/04\/Datanews-Awards-2016-1-485x165.jpg",485,165,true],"post-featured-opt-xs":["https:\/\/www.combell.com\/fr\/blog\/files\/2016\/04\/Datanews-Awards-2016-1-375x128.jpg",375,128,true],"post-most-popular":["https:\/\/www.combell.com\/fr\/blog\/files\/2016\/04\/Datanews-Awards-2016-1-50x50.jpg",50,50,true],"post-author":["https:\/\/www.combell.com\/fr\/blog\/files\/2016\/04\/Datanews-Awards-2016-1-60x60.jpg",60,60,true]},"uagb_author_info":{"display_name":"Romy","author_link":"https:\/\/www.combell.com\/fr\/blog\/author\/romy\/"},"uagb_comment_info":0,"uagb_excerpt":"Lees in het Nederlands - Read in English C\u2019est un v\u00e9ritable honneur que d\u2019\u00eatre nomin\u00e9 parmi d\u2019autres personnalit\u00e9s importantes du monde de l\u2019informatique dans le cadre de l\u2019\u00e9lection de l\u2019ICT...","_links":{"self":[{"href":"https:\/\/www.combell.com\/fr\/blog\/wp-json\/wp\/v2\/posts\/6223"}],"collection":[{"href":"https:\/\/www.combell.com\/fr\/blog\/wp-json\/wp\/v2\/posts"}],"about":[{"href":"https:\/\/www.combell.com\/fr\/blog\/wp-json\/wp\/v2\/types\/post"}],"author":[{"embeddable":true,"href":"https:\/\/www.combell.com\/fr\/blog\/wp-json\/wp\/v2\/users\/5"}],"replies":[{"embeddable":true,"href":"https:\/\/www.combell.com\/fr\/blog\/wp-json\/wp\/v2\/comments?post=6223"}],"version-history":[{"count":5,"href":"https:\/\/www.combell.com\/fr\/blog\/wp-json\/wp\/v2\/posts\/6223\/revisions"}],"predecessor-version":[{"id":7956,"href":"https:\/\/www.combell.com\/fr\/blog\/wp-json\/wp\/v2\/posts\/6223\/revisions\/7956"}],"wp:featuredmedia":[{"embeddable":true,"href":"https:\/\/www.combell.com\/fr\/blog\/wp-json\/wp\/v2\/media\/6234"}],"wp:attachment":[{"href":"https:\/\/www.combell.com\/fr\/blog\/wp-json\/wp\/v2\/media?parent=6223"}],"wp:term":[{"taxonomy":"category","embeddable":true,"href":"https:\/\/www.combell.com\/fr\/blog\/wp-json\/wp\/v2\/categories?post=6223"},{"taxonomy":"post_tag","embeddable":true,"href":"https:\/\/www.combell.com\/fr\/blog\/wp-json\/wp\/v2\/tags?post=6223"}],"curies":[{"name":"wp","href":"https:\/\/api.w.org\/{rel}","templated":true}]}}