{"id":6062,"date":"2019-01-13T12:27:31","date_gmt":"2019-01-13T11:27:31","guid":{"rendered":"https:\/\/www.combell.com\/fr\/blog\/?p=6062"},"modified":"2022-09-16T08:57:51","modified_gmt":"2022-09-16T06:57:51","slug":"un-hebergement-de-qualite-commence-des-le-centre-de-donnees","status":"publish","type":"post","link":"https:\/\/www.combell.com\/fr\/blog\/un-hebergement-de-qualite-commence-des-le-centre-de-donnees\/","title":{"rendered":"Un h\u00e9bergement de qualit\u00e9 commence d\u00e8s le centre de donn\u00e9es"},"content":{"rendered":"<p>Le fait d\u2019opter pour un h\u00e9bergeur de pi\u00e8tre qualit\u00e9 dans le but d\u2019\u00e9conomiser quelques euros a d\u00e9j\u00e0 co\u00fbt\u00e9 cher \u00e0 diverses entreprises. Un h\u00e9bergement digne de ce nom requiert en effet un centre de donn\u00e9es dernier cri qui est capable d\u2019offrir des garanties au niveau de la disponibilit\u00e9 et de la s\u00e9curit\u00e9. Mais \u00e0 quoi devez-vous faire attention lorsque vous choisissez un centre de donn\u00e9es&nbsp;?<\/p>\n<p><iframe loading=\"lazy\" src=\"https:\/\/www.youtube.com\/embed\/th3cbp7WBLI?cc_load_policy=1&amp;cc_lang_pref=fr\" width=\"560\" height=\"315\" frameborder=\"0\" allowfullscreen=\"allowfullscreen\"><\/iframe><\/p>\n<h2>S\u00e9curisation de l\u2019espace<\/h2>\n<p>Les centres de donn\u00e9es de Combell peuvent servir d\u2019exemples de salles de serveurs soigneusement am\u00e9nag\u00e9es. Dans <a href=\"https:\/\/www.combell.com\/nl\/blog\/artikel-op-bloovi-be-de-kant-van-het-internet-die-je-nog-nooit-eerder-zag\/\" target=\"_blank\" rel=\"noopener noreferrer\">un article paru sur Bloovi.be<\/a>, vous avez d\u00e9j\u00e0 pu d\u00e9couvrir les particularit\u00e9s des mesures de s\u00e9curit\u00e9 que Combell met en \u0153uvre dans ses centres de donn\u00e9es. Il y a notamment le dispositif de s\u00e9curit\u00e9 qui emp\u00eache l\u2019acc\u00e8s aux intrus, gr\u00e2ce au sas de s\u00e9curit\u00e9 qui n\u2019autorise le passage qu\u2019\u00e0 une seule personne \u00e0 la fois. Mais il y a aussi la s\u00e9curit\u00e9 virtuelle&nbsp;: les attaques DDoS sont contr\u00e9es gr\u00e2ce \u00e0 l\u2019importante bande passante mise \u00e0 disposition par le centre de donn\u00e9es.<\/p>\n<p><a href=\"https:\/\/www.combell.com\/fr\/blog\/files\/2016\/01\/Syst\u00e8me-de-double-plafond-avec-s\u00e9curit\u00e9-incendie-dans-le-centre-des-donn\u00e9es.jpg\"><img loading=\"lazy\" decoding=\"async\" class=\"alignright wp-image-6067\" title=\"Syst\u00e8me de double plafond avec s\u00e9curit\u00e9 incendie dans le centre des donn\u00e9es\" src=\"https:\/\/www.combell.com\/fr\/blog\/files\/2016\/01\/Syst\u00e8me-de-double-plafond-avec-s\u00e9curit\u00e9-incendie-dans-le-centre-des-donn\u00e9es.jpg\" alt=\"Syst\u00e8me de double plafond avec s\u00e9curit\u00e9 incendie dans le centre des donn\u00e9es\" width=\"500\" height=\"334\" srcset=\"https:\/\/www.combell.com\/fr\/blog\/files\/2016\/01\/Syst\u00e8me-de-double-plafond-avec-s\u00e9curit\u00e9-incendie-dans-le-centre-des-donn\u00e9es.jpg 1000w, https:\/\/www.combell.com\/fr\/blog\/files\/2016\/01\/Syst\u00e8me-de-double-plafond-avec-s\u00e9curit\u00e9-incendie-dans-le-centre-des-donn\u00e9es-300x200.jpg 300w, https:\/\/www.combell.com\/fr\/blog\/files\/2016\/01\/Syst\u00e8me-de-double-plafond-avec-s\u00e9curit\u00e9-incendie-dans-le-centre-des-donn\u00e9es-768x512.jpg 768w, https:\/\/www.combell.com\/fr\/blog\/files\/2016\/01\/Syst\u00e8me-de-double-plafond-avec-s\u00e9curit\u00e9-incendie-dans-le-centre-des-donn\u00e9es-1024x683.jpg 1024w\" sizes=\"(max-width: 500px) 100vw, 500px\" \/><\/a><\/p>\n<p>On a pratiquement pens\u00e9 \u00e0 tout. Un syst\u00e8me de double plafond a pour but de prot\u00e9ger les salles de serveurs des d\u00e9g\u00e2ts pouvant \u00eatre caus\u00e9s par les \u00e9ventuelles temp\u00eates ou les fuites au niveau de la toiture. C\u00f4t\u00e9 s\u00e9curit\u00e9 incendie, on a pr\u00e9vu du gaz Argonite, qui r\u00e9duit le taux d\u2019oxyg\u00e8ne de fa\u00e7on \u00e0 ce qu\u2019un \u00e9ventuel incendie s\u2019\u00e9teigne de lui-m\u00eame, et qui permet de ne pas \u00eatre oblig\u00e9 d\u2019endommager les serveurs en \u00e9teignant le feu de fa\u00e7on traditionnelle, au moyen d\u2019eau. Des g\u00e9n\u00e9rateurs di\u00e9sel, grands comme des moteurs pour bateaux, combin\u00e9s \u00e0 des syst\u00e8mes ASC, <a href=\"https:\/\/www.combell.com\/fr\/blog\/panne-de-courant-ou-non-combell-fait-en-sorte-que-votre-business-reste-en-ligne\/\">peuvent prendre le relais en cas de panne de courant<\/a>. Vous ne pouvez naturellement jamais pr\u00e9voir les catastrophes ou les calamit\u00e9s, mais vous pouvez par contre veiller \u00e0 y \u00eatre pr\u00e9par\u00e9 le mieux possible de fa\u00e7on \u00e0 pouvoir limiter les d\u00e9g\u00e2ts, n\u2019est-ce pas&nbsp;?<\/p>\n<h2>Installations dernier cri<\/h2>\n<p><a href=\"https:\/\/www.combell.com\/fr\/blog\/files\/2016\/01\/Minkels-Cold-Corridor-dans-le-centre-des-donn\u00e9es.jpg\"><img loading=\"lazy\" decoding=\"async\" class=\"alignright wp-image-6068\" title=\"Minkels Cold Corridor dans le centre des donn\u00e9es\" src=\"https:\/\/www.combell.com\/fr\/blog\/files\/2016\/01\/Minkels-Cold-Corridor-dans-le-centre-des-donn\u00e9es.jpg\" alt=\"Minkels Cold Corridor dans le centre des donn\u00e9es\" width=\"198\" height=\"250\" srcset=\"https:\/\/www.combell.com\/fr\/blog\/files\/2016\/01\/Minkels-Cold-Corridor-dans-le-centre-des-donn\u00e9es.jpg 793w, https:\/\/www.combell.com\/fr\/blog\/files\/2016\/01\/Minkels-Cold-Corridor-dans-le-centre-des-donn\u00e9es-238x300.jpg 238w, https:\/\/www.combell.com\/fr\/blog\/files\/2016\/01\/Minkels-Cold-Corridor-dans-le-centre-des-donn\u00e9es-768x969.jpg 768w, https:\/\/www.combell.com\/fr\/blog\/files\/2016\/01\/Minkels-Cold-Corridor-dans-le-centre-des-donn\u00e9es-812x1024.jpg 812w\" sizes=\"(max-width: 198px) 100vw, 198px\" \/><\/a>Chez Combell, les espaces dans lesquels les serveurs se trouvent sont parfaitement agenc\u00e9s. Mais les installations m\u00eames ont \u00e9galement \u00e9t\u00e9 mises au point avec le plus grand souci du d\u00e9tail et de la praticit\u00e9 \u2013 on peut m\u00eame dire qu\u2019elles sont exemplaires pour le secteur des centres de donn\u00e9es.<\/p>\n<p>Les <strong>baies<\/strong> sont agenc\u00e9es de fa\u00e7on r\u00e9fl\u00e9chie, selon un ordre pratiquement \u00ab&nbsp;militaire&nbsp;\u00bb. Il s\u2019agit de baies Minkels de 60 cm de largeur (la taille la plus courante). Tous les espaces dans le centre de donn\u00e9es sont \u00e9quip\u00e9s d\u2019un <strong>Minkels Cold Corridor<\/strong>, qui assure un refroidissement plus efficace.<\/p>\n<p>Dans des centres de donn\u00e9es classiques, le refroidissement est souvent assur\u00e9 depuis un sol perfor\u00e9, mais cela n\u2019est pas tr\u00e8s efficace, tout simplement parce que l\u2019air froid ne monte pas. Dans les <a href=\"http:\/\/www.minkels.com\/getfile.php?id=2054\" target=\"_blank\" rel=\"noopener noreferrer\">Cold Corridor de Minkels<\/a>, les flux d\u2019air chauds et froids sont enti\u00e8rement s\u00e9par\u00e9s. La partie sup\u00e9rieure entre les rang\u00e9es oppos\u00e9es d\u2019armoires dans la partie froide est en effet couverte de panneaux vitr\u00e9s. Les extr\u00e9mit\u00e9s de la partie froide sont en outre ferm\u00e9es par des portes coulissantes, de mani\u00e8re \u00e0 ce que l\u2019air froid reste \u00e0 l\u2019int\u00e9rieur. De plus, toutes les baies sont dot\u00e9es de jupes lat\u00e9rales et de panneaux-cache entre les appareils, de fa\u00e7on \u00e0 ce que l\u2019air puisse circuler correctement au travers de l\u2019appareil.<\/p>\n<p><img loading=\"lazy\" decoding=\"async\" class=\"alignright wp-image-6066\" title=\"Le c\u00e2blage structur\u00e9 dans le centre des donn\u00e9es\" src=\"https:\/\/www.combell.com\/fr\/blog\/files\/2016\/01\/Le-c\u00e2blage-structur\u00e9-dans-le-centre-des-donn\u00e9es.jpg\" alt=\"Le c\u00e2blage structur\u00e9 dans le centre des donn\u00e9es\" width=\"500\" height=\"281\" srcset=\"https:\/\/www.combell.com\/fr\/blog\/files\/2016\/01\/Le-c\u00e2blage-structur\u00e9-dans-le-centre-des-donn\u00e9es.jpg 1000w, https:\/\/www.combell.com\/fr\/blog\/files\/2016\/01\/Le-c\u00e2blage-structur\u00e9-dans-le-centre-des-donn\u00e9es-300x169.jpg 300w, https:\/\/www.combell.com\/fr\/blog\/files\/2016\/01\/Le-c\u00e2blage-structur\u00e9-dans-le-centre-des-donn\u00e9es-768x432.jpg 768w, https:\/\/www.combell.com\/fr\/blog\/files\/2016\/01\/Le-c\u00e2blage-structur\u00e9-dans-le-centre-des-donn\u00e9es-1024x576.jpg 1024w\" sizes=\"(max-width: 500px) 100vw, 500px\" \/>Le<strong> c\u00e2blage structur\u00e9<\/strong>, avec une utilisation logique des couleurs, un \u00e9tiquetage pr\u00e9cis, des c\u00e2bles ad\u00e9quats et le placement judicieux des prises de courant, forme la base d\u2019un environnement stable \u2013 de la m\u00eame mani\u00e8re dont les fondations d\u2019un b\u00e2timent soutiennent l\u2019enti\u00e8ret\u00e9 de la construction. Chez Combell, on utilise 4 couleurs de c\u00e2bles diff\u00e9rentes&nbsp;: rouge pour les liaisons d\u2019acc\u00e8s, jaune pour les liaisons de stockage, bleu pour les liaisons de gestion\/console et orange pour liaisons montantes.<\/p>\n<p><a href=\"https:\/\/www.combell.com\/fr\/blog\/files\/2016\/01\/Les-c\u00e2bles-partent-d\u00e8s-le-milieu-du-rack-dans-le-centre-des-donn\u00e9es.jpg\"><img loading=\"lazy\" decoding=\"async\" class=\"alignright wp-image-6069\" title=\"Les c\u00e2bles partent d\u00e8s le milieu du rack dans le centre des donn\u00e9es\" src=\"https:\/\/www.combell.com\/fr\/blog\/files\/2016\/01\/Les-c\u00e2bles-partent-d\u00e8s-le-milieu-du-rack-dans-le-centre-des-donn\u00e9es.jpg\" alt=\"Les c\u00e2bles partent d\u00e8s le milieu du rack dans le centre des donn\u00e9es\" width=\"141\" height=\"250\" srcset=\"https:\/\/www.combell.com\/fr\/blog\/files\/2016\/01\/Les-c\u00e2bles-partent-d\u00e8s-le-milieu-du-rack-dans-le-centre-des-donn\u00e9es.jpg 563w, https:\/\/www.combell.com\/fr\/blog\/files\/2016\/01\/Les-c\u00e2bles-partent-d\u00e8s-le-milieu-du-rack-dans-le-centre-des-donn\u00e9es-169x300.jpg 169w, https:\/\/www.combell.com\/fr\/blog\/files\/2016\/01\/Les-c\u00e2bles-partent-d\u00e8s-le-milieu-du-rack-dans-le-centre-des-donn\u00e9es-768x1365.jpg 768w, https:\/\/www.combell.com\/fr\/blog\/files\/2016\/01\/Les-c\u00e2bles-partent-d\u00e8s-le-milieu-du-rack-dans-le-centre-des-donn\u00e9es-576x1024.jpg 576w\" sizes=\"(max-width: 141px) 100vw, 141px\" \/><\/a>Deux faisceaux distincts de chaque couleur sont cr\u00e9\u00e9s dans la baie, dont un part vers la moiti\u00e9 sup\u00e9rieure de la baie et l\u2019autre vers la moiti\u00e9 inf\u00e9rieure. Et ce, parce que nous avons choisi d\u2019installer les <strong>commutateurs<\/strong> au milieu de la baie. S\u2019ils \u00e9taient install\u00e9s dans la partie sup\u00e9rieure, il y aurait en effet de plus fortes chances qu\u2019il y ait trop de c\u00e2bles dans la partie sup\u00e9rieure de la baie. De plus, les commutateurs ne seraient presque plus visibles \u2013 et ne parlons m\u00eame pas des probl\u00e8mes que cela entra\u00eenerait s\u2019il fallait les changer en cas de d\u00e9faillance mat\u00e9rielle.<\/p>\n<p>Le c\u00e2blage est effectu\u00e9 \u00e0 la r\u00e9ception des baies. Nous utilisons des c\u00e2bles UTP les plus courts possibles pour \u00e9viter que des c\u00e2bles superflus soient dans le chemin. Par d\u00e9faut, il y a quatre longueurs par couleur&nbsp;: 1 m&nbsp;; 1,5 m&nbsp;; 2 m et 3 m.<\/p>\n<h2>Intelligent rack v3.0b&nbsp;: bien vu&nbsp;!<\/h2>\n<p>Chez Combell, nous appr\u00e9cions \u00e9norm\u00e9ment l\u2019\u00e9quipe fixe, qui conna\u00eet les installations sur le bout des doigts et qui veille jour apr\u00e8s jour \u00e0 la qualit\u00e9. Cette \u00e9quipe nous permet en effet d\u2019offrir un service toujours plus performant. R\u00e9cemment, elle a notamment con\u00e7u un nouveau type de baie, que nous avons baptis\u00e9 <strong>Intelligent rack v3.0b<\/strong>. Sa particularit\u00e9 r\u00e9side dans le fait que les <strong>commutateurs <\/strong>se trouvent \u00e0 l\u2019avant de la baie. Cela signifie que le c\u00e2blage doit \u00eatre effectu\u00e9 \u00e0 l\u2019avance, et que les c\u00e2bles doivent \u00eatre \u00e9tiquet\u00e9s sur le c\u00f4t\u00e9 du serveur. Mais ce travail suppl\u00e9mentaire porte ses fruits, car le fait d\u2019avoir les commutateurs install\u00e9s \u00e0 l\u2019avant offre plusieurs avantages, dont les suivants&nbsp;:<\/p>\n<ul>\n<li><a href=\"https:\/\/www.combell.com\/fr\/blog\/files\/2016\/01\/Les-commutateurs-\u00e0-l\u2019avant-de-la-baie-dans-le-centre-des-donn\u00e9es.jpg\"><img loading=\"lazy\" decoding=\"async\" class=\"alignright wp-image-6070\" title=\"Les commutateurs \u00e0 l\u2019avant de la baie dans le centre des donn\u00e9es\" src=\"https:\/\/www.combell.com\/fr\/blog\/files\/2016\/01\/Les-commutateurs-\u00e0-l\u2019avant-de-la-baie-dans-le-centre-des-donn\u00e9es.jpg\" alt=\"Les commutateurs \u00e0 l\u2019avant de la baie dans le centre des donn\u00e9es\" width=\"500\" height=\"281\" srcset=\"https:\/\/www.combell.com\/fr\/blog\/files\/2016\/01\/Les-commutateurs-\u00e0-l\u2019avant-de-la-baie-dans-le-centre-des-donn\u00e9es.jpg 1000w, https:\/\/www.combell.com\/fr\/blog\/files\/2016\/01\/Les-commutateurs-\u00e0-l\u2019avant-de-la-baie-dans-le-centre-des-donn\u00e9es-300x169.jpg 300w, https:\/\/www.combell.com\/fr\/blog\/files\/2016\/01\/Les-commutateurs-\u00e0-l\u2019avant-de-la-baie-dans-le-centre-des-donn\u00e9es-768x432.jpg 768w, https:\/\/www.combell.com\/fr\/blog\/files\/2016\/01\/Les-commutateurs-\u00e0-l\u2019avant-de-la-baie-dans-le-centre-des-donn\u00e9es-1024x576.jpg 1024w\" sizes=\"(max-width: 500px) 100vw, 500px\" \/><\/a>Les commutateurs peuvent \u00eatre remplac\u00e9s sans aucun probl\u00e8me<\/li>\n<li>Plus aucune confusion n\u2019est possible&nbsp;: il n\u2019est plus n\u00e9cessaire de suivre les c\u00e2bles pour savoir \u00e0 quel port du commutateur un certain serveur est connect\u00e9<\/li>\n<li>Un serveur peut \u00eatre install\u00e9 dans une baie beaucoup plus rapidement, car tout est d\u00e9j\u00e0 pr\u00eat.<\/li>\n<\/ul>\n<p>Le fait que les membres de notre \u00e9quipe aient mal aux doigts apr\u00e8s avoir fix\u00e9 toutes les attaches de c\u00e2bles velcro ne nous fait pas peur&nbsp;; c\u2019est notre fiert\u00e9 professionnelle qui prime&nbsp;!<\/p>\n<p>Bref, un bon centre de donn\u00e9es se reconna\u00eet imm\u00e9diatement \u00e0 l\u2019agencement m\u00e9thodique des baies et \u00e0 la bonne organisation du c\u00e2blage. Le fait de visiter vous-m\u00eame un centre de donn\u00e9es vous permet imm\u00e9diatement de s\u00e9parer le bon grain de l\u2019ivraie. Si vous avez la chance de pouvoir visiter le centre de donn\u00e9es, n\u2019h\u00e9sitez pas \u00e0 le faire&nbsp;!<\/p>\n<h2>Comment choisir votre centre de donn\u00e9es&nbsp;?<\/h2>\n<p>N\u2019h\u00e9sitez pas \u00e0 utiliser cette liste de v\u00e9rification&nbsp;:<\/p>\n<ul>\n<li>Quels Contrats de Niveau de Service le centre de donn\u00e9es est-il capable de respecter&nbsp;?<\/li>\n<li>Le centre de donn\u00e9es est-il \u00e0 m\u00eame d\u2019offrir le niveau de redondance et de disponibilit\u00e9 dont vous avez besoin&nbsp;?<\/li>\n<li>Le centre de donn\u00e9es est-il suffisamment \u00e9quip\u00e9 (g\u00e9n\u00e9rateurs, syst\u00e8mes ASC, dispositifs de climatisation\u2026) pour pouvoir rester op\u00e9rationnel lors d\u2019une panne de courant ou d\u2019autres calamit\u00e9s&nbsp;?<\/li>\n<li>Est-ce que, outre une quantit\u00e9 suffisante d\u2019outils logiciels et mat\u00e9riels permettant d\u2019assurer la s\u00e9curit\u00e9 des donn\u00e9es, le centre de donn\u00e9es offre aussi une s\u00e9curisation physique par le biais de syst\u00e8mes de vid\u00e9osurveillance, cartes d\u2019acc\u00e8s \u00e9lectroniques, sas et autres&nbsp;?<\/li>\n<li>Si vous avez la possibilit\u00e9 de visiter le centre de donn\u00e9es, faites-le sans h\u00e9siter&nbsp;! Cela vous permettra d\u2019imm\u00e9diatement s\u00e9parer le bon grain de l\u2019ivraie. Un centre de donn\u00e9es o\u00f9 vous risquez \u00e0 tout moment de vous briser la nuque en tr\u00e9buchant dans un fouillis de c\u00e2bles est \u00e0 \u00e9viter \u00e0 tout prix&nbsp;!<\/li>\n<\/ul>\n<h2 class=\"subtitle\">La protection la plus compl\u00e8te de Combell Shield<\/h2>\n<p>Choisir un&nbsp;centre de donn\u00e9es de qualit\u00e9 est seulement le d\u00e9but de la protection ultime. Lisez plus sur la protection compl\u00e8te:<\/p>\n<ul>\n<li><a href=\"https:\/\/www.combell.com\/fr\/hebergement\/combell-shield\">Tous les outils de Combell Shield<\/a><\/li>\n<li><a href=\"https:\/\/www.combell.com\/fr\/blog\/injection-sql-comment-eviter\/\">Qu\u2019est-ce qu\u2019une injection SQL et comment puis-je l\u2019\u00e9viter&nbsp;?<\/a><\/li>\n<li><a href=\"https:\/\/www.combell.com\/fr\/blog\/votre-site-web-est-toujours-protege-grace-au-patching-automatique-combell\/\">Votre site web est toujours prot\u00e9g\u00e9 gr\u00e2ce au Patching Automatique<\/a><\/li>\n<li><a href=\"https:\/\/www.combell.com\/fr\/blog\/attaques-force-brute-se-proteger\/\">Les attaques par force brute: comment se prot\u00e9ger?<\/a><\/li>\n<\/ul>\n","protected":false},"excerpt":{"rendered":"<p>Le fait d\u2019opter pour un h\u00e9bergeur de pi\u00e8tre qualit\u00e9 dans le but d\u2019\u00e9conomiser quelques euros a d\u00e9j\u00e0 co\u00fbt\u00e9 cher \u00e0 diverses entreprises. Un h\u00e9bergement digne de ce nom requiert en...<\/p>\n","protected":false},"author":1,"featured_media":7269,"comment_status":"open","ping_status":"open","sticky":false,"template":"","format":"standard","meta":{"_uag_custom_page_level_css":"","footnotes":""},"categories":[68,67,62,63],"tags":[60,61,46],"acf":[],"uagb_featured_image_src":{"full":["https:\/\/www.combell.com\/fr\/blog\/files\/8-redenen-om-blindelings-op-combell-te-vertrouwen.jpg",1000,341,false],"thumbnail":["https:\/\/www.combell.com\/fr\/blog\/files\/8-redenen-om-blindelings-op-combell-te-vertrouwen-50x50.jpg",50,50,true],"medium":["https:\/\/www.combell.com\/fr\/blog\/files\/8-redenen-om-blindelings-op-combell-te-vertrouwen-300x102.jpg",300,102,true],"medium_large":["https:\/\/www.combell.com\/fr\/blog\/files\/8-redenen-om-blindelings-op-combell-te-vertrouwen-768x262.jpg",768,262,true],"large":["https:\/\/www.combell.com\/fr\/blog\/files\/8-redenen-om-blindelings-op-combell-te-vertrouwen-1024x349.jpg",1024,349,true],"1536x1536":["https:\/\/www.combell.com\/fr\/blog\/files\/8-redenen-om-blindelings-op-combell-te-vertrouwen.jpg",1000,341,false],"2048x2048":["https:\/\/www.combell.com\/fr\/blog\/files\/8-redenen-om-blindelings-op-combell-te-vertrouwen.jpg",1000,341,false],"post-featured":["https:\/\/www.combell.com\/fr\/blog\/files\/8-redenen-om-blindelings-op-combell-te-vertrouwen-850x290.jpg",850,290,true],"post-featured-opt":["https:\/\/www.combell.com\/fr\/blog\/files\/8-redenen-om-blindelings-op-combell-te-vertrouwen-750x256.jpg",750,256,true],"post-featured-opt-md":["https:\/\/www.combell.com\/fr\/blog\/files\/8-redenen-om-blindelings-op-combell-te-vertrouwen-850x290.jpg",850,290,true],"post-featured-opt-sm":["https:\/\/www.combell.com\/fr\/blog\/files\/8-redenen-om-blindelings-op-combell-te-vertrouwen-485x165.jpg",485,165,true],"post-featured-opt-xs":["https:\/\/www.combell.com\/fr\/blog\/files\/8-redenen-om-blindelings-op-combell-te-vertrouwen-375x128.jpg",375,128,true],"post-most-popular":["https:\/\/www.combell.com\/fr\/blog\/files\/8-redenen-om-blindelings-op-combell-te-vertrouwen-50x50.jpg",50,50,true],"post-author":["https:\/\/www.combell.com\/fr\/blog\/files\/8-redenen-om-blindelings-op-combell-te-vertrouwen-60x60.jpg",60,60,true]},"uagb_author_info":{"display_name":"Combell","author_link":"https:\/\/www.combell.com\/fr\/blog\/author\/blogadmin\/"},"uagb_comment_info":0,"uagb_excerpt":"Le fait d\u2019opter pour un h\u00e9bergeur de pi\u00e8tre qualit\u00e9 dans le but d\u2019\u00e9conomiser quelques euros a d\u00e9j\u00e0 co\u00fbt\u00e9 cher \u00e0 diverses entreprises. Un h\u00e9bergement digne de ce nom requiert en...","_links":{"self":[{"href":"https:\/\/www.combell.com\/fr\/blog\/wp-json\/wp\/v2\/posts\/6062"}],"collection":[{"href":"https:\/\/www.combell.com\/fr\/blog\/wp-json\/wp\/v2\/posts"}],"about":[{"href":"https:\/\/www.combell.com\/fr\/blog\/wp-json\/wp\/v2\/types\/post"}],"author":[{"embeddable":true,"href":"https:\/\/www.combell.com\/fr\/blog\/wp-json\/wp\/v2\/users\/1"}],"replies":[{"embeddable":true,"href":"https:\/\/www.combell.com\/fr\/blog\/wp-json\/wp\/v2\/comments?post=6062"}],"version-history":[{"count":9,"href":"https:\/\/www.combell.com\/fr\/blog\/wp-json\/wp\/v2\/posts\/6062\/revisions"}],"predecessor-version":[{"id":7742,"href":"https:\/\/www.combell.com\/fr\/blog\/wp-json\/wp\/v2\/posts\/6062\/revisions\/7742"}],"wp:featuredmedia":[{"embeddable":true,"href":"https:\/\/www.combell.com\/fr\/blog\/wp-json\/wp\/v2\/media\/7269"}],"wp:attachment":[{"href":"https:\/\/www.combell.com\/fr\/blog\/wp-json\/wp\/v2\/media?parent=6062"}],"wp:term":[{"taxonomy":"category","embeddable":true,"href":"https:\/\/www.combell.com\/fr\/blog\/wp-json\/wp\/v2\/categories?post=6062"},{"taxonomy":"post_tag","embeddable":true,"href":"https:\/\/www.combell.com\/fr\/blog\/wp-json\/wp\/v2\/tags?post=6062"}],"curies":[{"name":"wp","href":"https:\/\/api.w.org\/{rel}","templated":true}]}}