{"id":5927,"date":"2015-11-24T16:58:55","date_gmt":"2015-11-24T15:58:55","guid":{"rendered":"https:\/\/www.combell.com\/fr\/blog\/?p=5927"},"modified":"2015-11-24T17:03:14","modified_gmt":"2015-11-24T16:03:14","slug":"astuces-dexperts-pour-my-combell-modeles-pour-les-candidats-a-lenregistrement-de-domaines-et-nouvel-apercu-des-noms-de-domaines","status":"publish","type":"post","link":"https:\/\/www.combell.com\/fr\/blog\/astuces-dexperts-pour-my-combell-modeles-pour-les-candidats-a-lenregistrement-de-domaines-et-nouvel-apercu-des-noms-de-domaines\/","title":{"rendered":"Astuces d\u2019experts pour My Combell\u00a0: Mod\u00e8les pour les candidats \u00e0 l\u2019enregistrement de domaines et nouvel aper\u00e7u des noms de domaines"},"content":{"rendered":"<p style=\"text-align: right; margin-top: -35px!important;\"><a href=\"https:\/\/www.combell.com\/nl\/blog\/my-combell-power-tips-registrant-templates-en-nieuw-overzicht-domeinnamen\/\" target=\"_blank\">Lees in het Nederlands<\/a> - <a href=\"https:\/\/www.combell.com\/en\/blog\/my-combell-power-tips-registrant-templates-and-new-domain-name-overview\/\" target=\"_blank\">Read in English<\/a><\/p>\n<p>\u00cates-vous s\u00fbr de tirer le maximum de My Combell\u00a0? \u00c0 l\u2019aide de ces astuces d\u2019experts, vous deviendrez un v\u00e9ritable Pro de Combell en un rien de temps. Nous avons r\u00e9cemment d\u00e9velopp\u00e9 quelques nouvelles fonctionnalit\u00e9s ing\u00e9nieuses sp\u00e9cifiquement pour la gestion de noms de domaines.<\/p>\n<p><strong style=\"font-size: 24px; line-height: 1;\">1. Mod\u00e8les pour les candidats \u00e0 l\u2019enregistrement de domaines<\/strong><\/p>\n<p>Une des nouveaut\u00e9s de My Combell, ce sont les Mod\u00e8les pour les candidats \u00e0 l\u2019enregistrement de domaines, qui permettent de facilement introduire <strong>des informations au pr\u00e9alable, avec lesquelles un nom de domaine peut ensuite \u00eatre enregistr\u00e9<\/strong>.<\/p>\n<p><a href=\"https:\/\/www.combell.com\/fr\/blog\/files\/2015\/11\/Cr\u00e9er-mod\u00e8les-pour-demandeurs-my-combell.png\"><img loading=\"lazy\" decoding=\"async\" class=\"aligncenter wp-image-5928 size-full\" title=\"Cr\u00e9er mod\u00e8les pour demandeurs my combell\" src=\"https:\/\/www.combell.com\/fr\/blog\/files\/2015\/11\/Cr\u00e9er-mod\u00e8les-pour-demandeurs-my-combell.png\" alt=\"Cr\u00e9er mod\u00e8les pour demandeurs my combell\" width=\"962\" height=\"244\" srcset=\"https:\/\/www.combell.com\/fr\/blog\/files\/2015\/11\/Cr\u00e9er-mod\u00e8les-pour-demandeurs-my-combell.png 962w, https:\/\/www.combell.com\/fr\/blog\/files\/2015\/11\/Cr\u00e9er-mod\u00e8les-pour-demandeurs-my-combell-300x76.png 300w\" sizes=\"(max-width: 962px) 100vw, 962px\" \/><\/a><\/p>\n<p>Ainsi, durant l\u2019enregistrement d\u2019un nouveau nom de domaine via My Combell, vous pourrez ais\u00e9ment <strong>s\u00e9lectionner les informations<\/strong> et les r\u00e9utiliser. Il n\u2019est donc plus n\u00e9cessaire de r\u00e9introduire \u00e0 chaque fois les m\u00eames informations d\u2019enregistrement.<a href=\"https:\/\/www.combell.com\/fr\/blog\/files\/2015\/11\/Selectionner-mod\u00e8les-pour-demandeurs-my-combell.png\"><img loading=\"lazy\" decoding=\"async\" class=\"wp-image-5930 size-full aligncenter\" title=\"Selectionner mod\u00e8les pour demandeurs my combell\" src=\"https:\/\/www.combell.com\/fr\/blog\/files\/2015\/11\/Selectionner-mod\u00e8les-pour-demandeurs-my-combell.png\" alt=\"Selectionner mod\u00e8les pour demandeurs my combell\" width=\"716\" height=\"411\" srcset=\"https:\/\/www.combell.com\/fr\/blog\/files\/2015\/11\/Selectionner-mod\u00e8les-pour-demandeurs-my-combell.png 716w, https:\/\/www.combell.com\/fr\/blog\/files\/2015\/11\/Selectionner-mod\u00e8les-pour-demandeurs-my-combell-300x172.png 300w\" sizes=\"(max-width: 716px) 100vw, 716px\" \/><\/a><\/p>\n<p>Et si vous utilisez de nouvelles informations d\u2019enregistrement pour la premi\u00e8re fois, vous pourrez imm\u00e9diatement <strong>les conserver pour une prochaine utilisation<\/strong>.<a href=\"https:\/\/www.combell.com\/fr\/blog\/files\/2015\/11\/Sauvegarder-mod\u00e8les-pour-demandeurs-my-combell.png\"><img loading=\"lazy\" decoding=\"async\" class=\"aligncenter wp-image-5931 size-full\" title=\"Sauvegarder mod\u00e8les pour demandeurs my combell\" src=\"https:\/\/www.combell.com\/fr\/blog\/files\/2015\/11\/Sauvegarder-mod\u00e8les-pour-demandeurs-my-combell.png\" alt=\"Sauvegarder mod\u00e8les pour demandeurs my combell\" width=\"713\" height=\"404\" srcset=\"https:\/\/www.combell.com\/fr\/blog\/files\/2015\/11\/Sauvegarder-mod\u00e8les-pour-demandeurs-my-combell.png 713w, https:\/\/www.combell.com\/fr\/blog\/files\/2015\/11\/Sauvegarder-mod\u00e8les-pour-demandeurs-my-combell-300x170.png 300w\" sizes=\"(max-width: 713px) 100vw, 713px\" \/><\/a><strong style=\"font-size: 24px; line-height: 1;\">2. Aper\u00e7u avanc\u00e9 des noms de domaines<\/strong><\/p>\n<p>Si vous avez de nombreux noms de domaines chez Combell, il pourrait \u00eatre utile d\u2019utiliser notre nouvel aper\u00e7u des domaines. En activant la fonction \u00ab\u00a0Mes noms de domaines\u00a0\u00bb via\u00a0<strong>Param\u00e8tres &gt; Param\u00e8tres g\u00e9n\u00e9raux<\/strong>, un <strong>nouvel aper\u00e7u<\/strong> sera affich\u00e9 sur l\u2019\u00e9cran d\u2019accueil de My Combell.<\/p>\n<p><a href=\"https:\/\/www.combell.com\/fr\/blog\/files\/2015\/11\/Aper\u00e7u-noms-de-domaines-page-de-renvoi-my-combell.png\"><img loading=\"lazy\" decoding=\"async\" class=\"aligncenter wp-image-5932 size-full\" title=\"Aper\u00e7u noms de domaines page de renvoi my combell\" src=\"https:\/\/www.combell.com\/fr\/blog\/files\/2015\/11\/Aper\u00e7u-noms-de-domaines-page-de-renvoi-my-combell.png\" alt=\"Aper\u00e7u noms de domaines page de renvoi my combell\" width=\"966\" height=\"187\" srcset=\"https:\/\/www.combell.com\/fr\/blog\/files\/2015\/11\/Aper\u00e7u-noms-de-domaines-page-de-renvoi-my-combell.png 966w, https:\/\/www.combell.com\/fr\/blog\/files\/2015\/11\/Aper\u00e7u-noms-de-domaines-page-de-renvoi-my-combell-300x58.png 300w\" sizes=\"(max-width: 966px) 100vw, 966px\" \/><\/a><\/p>\n<p>Gr\u00e2ce au nouvel aper\u00e7u, \u00e0 c\u00f4t\u00e9 du nom de domaine, vous pourrez imm\u00e9diatement voir la <strong>date d\u2019expiration et l\u2019\u00e9tat des noms de domaines<\/strong>, mais aussi cliquer sur <strong>les services qui y sont associ\u00e9s<\/strong>.<\/p>\n<p><a href=\"https:\/\/www.combell.com\/fr\/blog\/files\/2015\/11\/Aper\u00e7u-noms-de-domaines-sur-la-page-de-renvoi-my-combell.png\"><img loading=\"lazy\" decoding=\"async\" class=\"aligncenter wp-image-5933 size-full\" title=\"Aper\u00e7u noms de domaines sur la page de renvoi my combell\" src=\"https:\/\/www.combell.com\/fr\/blog\/files\/2015\/11\/Aper\u00e7u-noms-de-domaines-sur-la-page-de-renvoi-my-combell.png\" alt=\"Aper\u00e7u noms de domaines sur la page de renvoi my combell\" width=\"960\" height=\"185\" srcset=\"https:\/\/www.combell.com\/fr\/blog\/files\/2015\/11\/Aper\u00e7u-noms-de-domaines-sur-la-page-de-renvoi-my-combell.png 960w, https:\/\/www.combell.com\/fr\/blog\/files\/2015\/11\/Aper\u00e7u-noms-de-domaines-sur-la-page-de-renvoi-my-combell-300x58.png 300w\" sizes=\"(max-width: 960px) 100vw, 960px\" \/><\/a><\/p>\n<p style=\"text-align: center;\"><a class=\"cta_button\" href=\"https:\/\/my.combell.com\/fr\" target=\"_blank\" rel=\"noopener\">D\u00e9couvrez les nouvelles fonctionnalit\u00e9s dans My Combell<\/a><\/p>\n<h2><strong>Pratique, n\u2019est-ce pas\u00a0?<\/strong><\/h2>\n<p>C\u2019est bien notre avis aussi. Ces fonctionnalit\u00e9s ont \u00e9t\u00e9 d\u00e9velopp\u00e9es gr\u00e2ce aux r\u00e9actions que nous recevons chaque jour de la part de nos clients. Dans quelques semaines, nous lancerons \u00e9galement deux fonctionnalit\u00e9s suppl\u00e9mentaires pour la gestion de noms de domaines... \u00c0 suivre\u00a0!<\/p>\n","protected":false},"excerpt":{"rendered":"<p>Lees in het Nederlands - Read in English \u00cates-vous s\u00fbr de tirer le maximum de My Combell\u00a0? \u00c0 l\u2019aide de ces astuces d\u2019experts, vous deviendrez un v\u00e9ritable Pro de Combell...<\/p>\n","protected":false},"author":5,"featured_media":5935,"comment_status":"open","ping_status":"open","sticky":false,"template":"","format":"standard","meta":{"_uag_custom_page_level_css":"","footnotes":""},"categories":[67,68,7,66],"tags":[250,45,56,187],"acf":[],"uagb_featured_image_src":{"full":["https:\/\/www.combell.com\/fr\/blog\/files\/2015\/11\/My-combell-nouvelles-fonctionnalit\u00e9s-gestion-des-noms-de-domaine.jpg",850,290,false],"thumbnail":["https:\/\/www.combell.com\/fr\/blog\/files\/2015\/11\/My-combell-nouvelles-fonctionnalit\u00e9s-gestion-des-noms-de-domaine-50x50.jpg",50,50,true],"medium":["https:\/\/www.combell.com\/fr\/blog\/files\/2015\/11\/My-combell-nouvelles-fonctionnalit\u00e9s-gestion-des-noms-de-domaine-300x102.jpg",300,102,true],"medium_large":["https:\/\/www.combell.com\/fr\/blog\/files\/2015\/11\/My-combell-nouvelles-fonctionnalit\u00e9s-gestion-des-noms-de-domaine.jpg",768,262,false],"large":["https:\/\/www.combell.com\/fr\/blog\/files\/2015\/11\/My-combell-nouvelles-fonctionnalit\u00e9s-gestion-des-noms-de-domaine.jpg",850,290,false],"1536x1536":["https:\/\/www.combell.com\/fr\/blog\/files\/2015\/11\/My-combell-nouvelles-fonctionnalit\u00e9s-gestion-des-noms-de-domaine.jpg",850,290,false],"2048x2048":["https:\/\/www.combell.com\/fr\/blog\/files\/2015\/11\/My-combell-nouvelles-fonctionnalit\u00e9s-gestion-des-noms-de-domaine.jpg",850,290,false],"post-featured":["https:\/\/www.combell.com\/fr\/blog\/files\/2015\/11\/My-combell-nouvelles-fonctionnalit\u00e9s-gestion-des-noms-de-domaine.jpg",850,290,false],"post-featured-opt":["https:\/\/www.combell.com\/fr\/blog\/files\/2015\/11\/My-combell-nouvelles-fonctionnalit\u00e9s-gestion-des-noms-de-domaine-750x256.jpg",750,256,true],"post-featured-opt-md":["https:\/\/www.combell.com\/fr\/blog\/files\/2015\/11\/My-combell-nouvelles-fonctionnalit\u00e9s-gestion-des-noms-de-domaine.jpg",850,290,false],"post-featured-opt-sm":["https:\/\/www.combell.com\/fr\/blog\/files\/2015\/11\/My-combell-nouvelles-fonctionnalit\u00e9s-gestion-des-noms-de-domaine-485x165.jpg",485,165,true],"post-featured-opt-xs":["https:\/\/www.combell.com\/fr\/blog\/files\/2015\/11\/My-combell-nouvelles-fonctionnalit\u00e9s-gestion-des-noms-de-domaine-375x128.jpg",375,128,true],"post-most-popular":["https:\/\/www.combell.com\/fr\/blog\/files\/2015\/11\/My-combell-nouvelles-fonctionnalit\u00e9s-gestion-des-noms-de-domaine-50x50.jpg",50,50,true],"post-author":["https:\/\/www.combell.com\/fr\/blog\/files\/2015\/11\/My-combell-nouvelles-fonctionnalit\u00e9s-gestion-des-noms-de-domaine-60x60.jpg",60,60,true]},"uagb_author_info":{"display_name":"Romy","author_link":"https:\/\/www.combell.com\/fr\/blog\/author\/romy\/"},"uagb_comment_info":0,"uagb_excerpt":"Lees in het Nederlands - Read in English \u00cates-vous s\u00fbr de tirer le maximum de My Combell\u00a0? \u00c0 l\u2019aide de ces astuces d\u2019experts, vous deviendrez un v\u00e9ritable Pro de Combell...","_links":{"self":[{"href":"https:\/\/www.combell.com\/fr\/blog\/wp-json\/wp\/v2\/posts\/5927"}],"collection":[{"href":"https:\/\/www.combell.com\/fr\/blog\/wp-json\/wp\/v2\/posts"}],"about":[{"href":"https:\/\/www.combell.com\/fr\/blog\/wp-json\/wp\/v2\/types\/post"}],"author":[{"embeddable":true,"href":"https:\/\/www.combell.com\/fr\/blog\/wp-json\/wp\/v2\/users\/5"}],"replies":[{"embeddable":true,"href":"https:\/\/www.combell.com\/fr\/blog\/wp-json\/wp\/v2\/comments?post=5927"}],"version-history":[{"count":10,"href":"https:\/\/www.combell.com\/fr\/blog\/wp-json\/wp\/v2\/posts\/5927\/revisions"}],"predecessor-version":[{"id":5944,"href":"https:\/\/www.combell.com\/fr\/blog\/wp-json\/wp\/v2\/posts\/5927\/revisions\/5944"}],"wp:featuredmedia":[{"embeddable":true,"href":"https:\/\/www.combell.com\/fr\/blog\/wp-json\/wp\/v2\/media\/5935"}],"wp:attachment":[{"href":"https:\/\/www.combell.com\/fr\/blog\/wp-json\/wp\/v2\/media?parent=5927"}],"wp:term":[{"taxonomy":"category","embeddable":true,"href":"https:\/\/www.combell.com\/fr\/blog\/wp-json\/wp\/v2\/categories?post=5927"},{"taxonomy":"post_tag","embeddable":true,"href":"https:\/\/www.combell.com\/fr\/blog\/wp-json\/wp\/v2\/tags?post=5927"}],"curies":[{"name":"wp","href":"https:\/\/api.w.org\/{rel}","templated":true}]}}