{"id":5443,"date":"2015-06-19T15:50:36","date_gmt":"2015-06-19T13:50:36","guid":{"rendered":"https:\/\/www.combell.com\/fr\/blog\/?p=5443"},"modified":"2015-06-19T15:50:36","modified_gmt":"2015-06-19T13:50:36","slug":"la-prise-de-conscience-de-lexistence-des-nouveaux-noms-de-domaines-grandit","status":"publish","type":"post","link":"https:\/\/www.combell.com\/fr\/blog\/la-prise-de-conscience-de-lexistence-des-nouveaux-noms-de-domaines-grandit\/","title":{"rendered":"La prise de conscience de l\u2019existence des nouveaux noms de domaines grandit"},"content":{"rendered":"<p>L\u2019ICANN pr\u00e9voit de conduire plusieurs \u00e9tudes successives, afin d\u2019en savoir plus sur l\u2019indice de popularit\u00e9 des nouvelles extensions de domaines. Un premier rapport vient d\u2019\u00eatre publi\u00e9. Voici quelques r\u00e9sultats...<\/p>\n<p>Depuis que le premier domaine de premier niveau g\u00e9n\u00e9rique a \u00e9t\u00e9 d\u00e9l\u00e9gu\u00e9 dans la zone racine d\u2019Internet en octobre 2013, <strong>plus de 630 nouvelles extensions de domaines sont d\u00e9j\u00e0 actives<\/strong>. Cela signifie que vous ne vous rendez plus uniquement sur des sites web qui se terminent par le suffixe .com, .net, .info ou .biz, mais aussi sur des sites web dont l\u2019extension de domaine est beaucoup plus \u00e9vocatrice, comme par exemple .guru, .club, .xyz ou .gent.<\/p>\n<p>L\u2019ICANN, l\u2019organisme charg\u00e9 de la gestion des noms de domaines, qui apr\u00e8s avoir longuement h\u00e9sit\u00e9 a finalement pris la d\u00e9cision de donner son feu vert \u00e0 cette d\u00e9mocratisation des noms de domaines, a tenu \u00e0 savoir si cette ouverture drastique du paysage des domaines avait \u00e9t\u00e9 bien accueillie par la population du monde entier. Il a donc command\u00e9 une \u00e9tude au bureau d\u2019\u00e9tudes Nielsen, dans le but de dresser un aper\u00e7u de la position actuelle des internautes par rapport aux noms de domaines, de mani\u00e8re \u00e0 pouvoir effectuer des comparaisons ult\u00e9rieures en conduisant des \u00e9tudes de suivi.<\/p>\n<h2>Le citoyen ordinaire est-il au courant de l\u2019existence des nouvelles extensions de domaines ?<\/h2>\n<p>Les r\u00e9sultats de la premi\u00e8re enqu\u00eate, conduite entre le 2 et le 19 f\u00e9vrier 2015 aupr\u00e8s de 6.144 personnes de plus de 18 ans en Asie, Europe, Afrique et Am\u00e9rique du Nord, viennent d\u2019\u00eatre publi\u00e9s. Ces r\u00e9sultats deviendront des r\u00e9f\u00e9rences auxquelles les chiffres des enqu\u00eates de suivi seront compar\u00e9s. La premi\u00e8re enqu\u00eate de suivi devrait avoir lieu dans un an.<\/p>\n<p>L\u2019enqu\u00eate s\u2019est surtout int\u00e9ress\u00e9e \u00e0 la prise de conscience de l\u2019existence des nouveaux gTLD. Monsieur Tout le Monde sait-il qu\u2019il existe des extensions de domaines telles que .photo ou .xyz ? On a \u00e9galement demand\u00e9 aux participants s\u2019ils \u00e9taient au courant de l\u2019existence de certains noms de domaines qui ont actuellement la cote : .email, .photography, .link, .guru, .realtor, .club, .xyz. Et <strong>46 % \u00e9taient au courant de l\u2019existence d\u2019au moins une de ces extensions.<\/strong><\/p>\n<p>Mais l\u2019\u00e9tude ne s\u2019arr\u00eate pas \u00e0 la th\u00e9orie : <strong>65 %<\/strong> des personnes interrog\u00e9es qui \u00e9taient au courant de l\u2019existence des nouvelles extensions <strong>ont d\u00e9j\u00e0 visit\u00e9 un site portant un nouveau gTLD<\/strong>. Et ce sont les domaines dont le nom \u00e9voque un certain but, comme .email, dont les internautes se sont le plus facilement souvenus.<\/p>\n<p style=\"text-align: center;\"><a class=\"cta_button\" href=\"https:\/\/www.combell.com\/fr\/nouveaux-noms-de-domaines\">D\u00e9couvrez les nouveaux extensions<\/a><\/p>\n<p>Il s\u2019agit l\u00e0 de signaux clairement positifs, qui ne demandent qu\u2019\u00e0 \u00eatre confirm\u00e9s par une \u00e9tude de suivi. Rendez-vous dans quelques mois !<\/p>\n","protected":false},"excerpt":{"rendered":"<p>L\u2019ICANN pr\u00e9voit de conduire plusieurs \u00e9tudes successives, afin d\u2019en savoir plus sur l\u2019indice de popularit\u00e9 des nouvelles extensions de domaines. Un premier rapport vient d\u2019\u00eatre publi\u00e9. Voici quelques r\u00e9sultats... Depuis...<\/p>\n","protected":false},"author":5,"featured_media":5445,"comment_status":"open","ping_status":"open","sticky":false,"template":"","format":"standard","meta":{"_uag_custom_page_level_css":"","footnotes":""},"categories":[67,72,7],"tags":[91,92,93],"acf":[],"uagb_featured_image_src":{"full":["https:\/\/www.combell.com\/fr\/blog\/files\/2015\/06\/La-prise-de-conscience-de-l\u2019existence-des-nouveaux-noms-de-domaines-grandit.jpg",754,288,false],"thumbnail":["https:\/\/www.combell.com\/fr\/blog\/files\/2015\/06\/La-prise-de-conscience-de-l\u2019existence-des-nouveaux-noms-de-domaines-grandit-50x50.jpg",50,50,true],"medium":["https:\/\/www.combell.com\/fr\/blog\/files\/2015\/06\/La-prise-de-conscience-de-l\u2019existence-des-nouveaux-noms-de-domaines-grandit-300x115.jpg",300,115,true],"medium_large":["https:\/\/www.combell.com\/fr\/blog\/files\/2015\/06\/La-prise-de-conscience-de-l\u2019existence-des-nouveaux-noms-de-domaines-grandit.jpg",754,288,false],"large":["https:\/\/www.combell.com\/fr\/blog\/files\/2015\/06\/La-prise-de-conscience-de-l\u2019existence-des-nouveaux-noms-de-domaines-grandit.jpg",754,288,false],"1536x1536":["https:\/\/www.combell.com\/fr\/blog\/files\/2015\/06\/La-prise-de-conscience-de-l\u2019existence-des-nouveaux-noms-de-domaines-grandit.jpg",754,288,false],"2048x2048":["https:\/\/www.combell.com\/fr\/blog\/files\/2015\/06\/La-prise-de-conscience-de-l\u2019existence-des-nouveaux-noms-de-domaines-grandit.jpg",754,288,false],"post-featured":["https:\/\/www.combell.com\/fr\/blog\/files\/2015\/06\/La-prise-de-conscience-de-l\u2019existence-des-nouveaux-noms-de-domaines-grandit.jpg",754,288,false],"post-featured-opt":["https:\/\/www.combell.com\/fr\/blog\/files\/2015\/06\/La-prise-de-conscience-de-l\u2019existence-des-nouveaux-noms-de-domaines-grandit.jpg",670,256,false],"post-featured-opt-md":["https:\/\/www.combell.com\/fr\/blog\/files\/2015\/06\/La-prise-de-conscience-de-l\u2019existence-des-nouveaux-noms-de-domaines-grandit.jpg",754,288,false],"post-featured-opt-sm":["https:\/\/www.combell.com\/fr\/blog\/files\/2015\/06\/La-prise-de-conscience-de-l\u2019existence-des-nouveaux-noms-de-domaines-grandit.jpg",432,165,false],"post-featured-opt-xs":["https:\/\/www.combell.com\/fr\/blog\/files\/2015\/06\/La-prise-de-conscience-de-l\u2019existence-des-nouveaux-noms-de-domaines-grandit.jpg",335,128,false],"post-most-popular":["https:\/\/www.combell.com\/fr\/blog\/files\/2015\/06\/La-prise-de-conscience-de-l\u2019existence-des-nouveaux-noms-de-domaines-grandit-50x50.jpg",50,50,true],"post-author":["https:\/\/www.combell.com\/fr\/blog\/files\/2015\/06\/La-prise-de-conscience-de-l\u2019existence-des-nouveaux-noms-de-domaines-grandit-60x60.jpg",60,60,true]},"uagb_author_info":{"display_name":"Romy","author_link":"https:\/\/www.combell.com\/fr\/blog\/author\/romy\/"},"uagb_comment_info":0,"uagb_excerpt":"L\u2019ICANN pr\u00e9voit de conduire plusieurs \u00e9tudes successives, afin d\u2019en savoir plus sur l\u2019indice de popularit\u00e9 des nouvelles extensions de domaines. Un premier rapport vient d\u2019\u00eatre publi\u00e9. Voici quelques r\u00e9sultats... Depuis...","_links":{"self":[{"href":"https:\/\/www.combell.com\/fr\/blog\/wp-json\/wp\/v2\/posts\/5443"}],"collection":[{"href":"https:\/\/www.combell.com\/fr\/blog\/wp-json\/wp\/v2\/posts"}],"about":[{"href":"https:\/\/www.combell.com\/fr\/blog\/wp-json\/wp\/v2\/types\/post"}],"author":[{"embeddable":true,"href":"https:\/\/www.combell.com\/fr\/blog\/wp-json\/wp\/v2\/users\/5"}],"replies":[{"embeddable":true,"href":"https:\/\/www.combell.com\/fr\/blog\/wp-json\/wp\/v2\/comments?post=5443"}],"version-history":[{"count":2,"href":"https:\/\/www.combell.com\/fr\/blog\/wp-json\/wp\/v2\/posts\/5443\/revisions"}],"predecessor-version":[{"id":5446,"href":"https:\/\/www.combell.com\/fr\/blog\/wp-json\/wp\/v2\/posts\/5443\/revisions\/5446"}],"wp:featuredmedia":[{"embeddable":true,"href":"https:\/\/www.combell.com\/fr\/blog\/wp-json\/wp\/v2\/media\/5445"}],"wp:attachment":[{"href":"https:\/\/www.combell.com\/fr\/blog\/wp-json\/wp\/v2\/media?parent=5443"}],"wp:term":[{"taxonomy":"category","embeddable":true,"href":"https:\/\/www.combell.com\/fr\/blog\/wp-json\/wp\/v2\/categories?post=5443"},{"taxonomy":"post_tag","embeddable":true,"href":"https:\/\/www.combell.com\/fr\/blog\/wp-json\/wp\/v2\/tags?post=5443"}],"curies":[{"name":"wp","href":"https:\/\/api.w.org\/{rel}","templated":true}]}}